{"id":63589,"date":"2025-06-09T21:21:49","date_gmt":"2025-06-09T19:21:49","guid":{"rendered":"https:\/\/vicerrectorias.utp.edu.co\/responsabilidad-social\/?p=63589"},"modified":"2025-06-09T21:24:52","modified_gmt":"2025-06-09T19:24:52","slug":"63589-2","status":"publish","type":"post","link":"https:\/\/vicerrectorias.utp.edu.co\/responsabilidad-social\/63589-2\/","title":{"rendered":"VUELVEN LAS VACACIONES DEPORTIVAS A LA UTP! \ud83c\udfc3\u200d\u2640\ufe0f\ud83c\udf89"},"content":{"rendered":"\n<p><span class=\"post-content__span\"> <br>Este a\u00f1o llega con m\u00e1s energ\u00eda, nuevas actividades, diversi\u00f3n garantizada y muchas sorpresas, \u00a1pero siempre con el esp\u00edritu deportivo que nos caracteriza.<\/p>\n\n\n\n<p><span class=\"post-content__span\"> \ud83d\udcc5 Fechas: Del 16 de junio al 11 de julio<br>\ud83d\udc67\ud83c\udffd\ud83d\udc66\ud83c\udffd Edad: Ni\u00f1os y ni\u00f1as de 5 a 12 a\u00f1os<br>\ud83d\udd57 Horarios: Jornada ma\u00f1ana (8:00 a.m. \u2013 12:00 m.) o jornada tarde (2:00 p.m. \u2013 6:00 p.m.)<\/p>\n\n\n\n<p><span class=\"post-content__span\"> \ud83c\udfc5 \u00bfQu\u00e9 ofrecemos?<br>Cada semana, los participantes rotar\u00e1n por 7 deportes diferentes, seleccionados de entre los m\u00e1s de 24 que tenemos disponibles.<\/p>\n\n\n\n<p><span class=\"post-content__span\"> \ud83d\udcb0 Beneficios especiales: Descuento exclusivo para la comunidad UTP y convenios vigentes.<\/p>\n\n\n\n<p><span class=\"post-content__span\"> \ud83d\udcf2 Inscripciones y m\u00e1s informaci\u00f3n: WhatsApp 323 414 0400<\/p>\n\n\n\n<p><span class=\"post-content__span\"> \u00a1No te lo pierdas!<br>El deporte y la actividad f\u00edsica, la mejor forma de disfrutar tus vacaciones en la UTP.<\/p>\n\n\n<div class=\"wp-block-image\">\n<figure class=\"aligncenter size-large\"><img decoding=\"async\" src=\"https:\/\/vicerrectorias.utp.edu.co\/responsabilidad-social\/wp-content\/uploads\/sites\/12\/image-56.png\" \/><\/figure>\n<\/div>\n\n\n<div style=\"height:36px\" aria-hidden=\"true\" class=\"wp-block-spacer\"><\/div>\n\n\n<div class=\"wp-block-image\">\n<figure class=\"aligncenter size-large is-resized\"><img decoding=\"async\" src=\"https:\/\/vicerrectorias.utp.edu.co\/responsabilidad-social\/wp-content\/uploads\/sites\/12\/image-54.png\" style=\"width:840px;height:auto\" \/><\/figure>\n<\/div>\n\n\n<div style=\"height:31px\" aria-hidden=\"true\" class=\"wp-block-spacer\"><\/div>\n\n\n<div class=\"wp-block-image\">\n<figure class=\"aligncenter size-large is-resized\"><img decoding=\"async\" src=\"https:\/\/vicerrectorias.utp.edu.co\/responsabilidad-social\/wp-content\/uploads\/sites\/12\/image-55.png\" style=\"width:840px;height:auto\" \/><\/figure>\n<\/div>\n\n\n<div style=\"height:31px\" aria-hidden=\"true\" class=\"wp-block-spacer\"><\/div>\n\n\n\n<div class=\"wp-block-buttons is-content-justification-center is-layout-flex wp-container-core-buttons-is-layout-16018d1d wp-block-buttons-is-layout-flex\">\n<div class=\"wp-block-button\"><a class=\"wp-block-button__link has-luminous-dusk-gradient-background has-background wp-element-button\" href=\"https:\/\/www.instagram.com\/bienestarutp\/?hl=es\"><img loading=\"lazy\" decoding=\"async\" width=\"250\" height=\"250\" class=\"wp-image-61599\" style=\"width: 30px\" src=\"https:\/\/vicerrectorias.utp.edu.co\/responsabilidad-social\/wp-content\/uploads\/sites\/12\/Instagram_logo_2022.svg_-3.png\" alt=\"\" srcset=\"https:\/\/vicerrectorias.utp.edu.co\/responsabilidad-social\/wp-content\/uploads\/sites\/12\/Instagram_logo_2022.svg_-3.png 250w, https:\/\/vicerrectorias.utp.edu.co\/responsabilidad-social\/wp-content\/uploads\/sites\/12\/Instagram_logo_2022.svg_-3-150x150.png 150w\" sizes=\"auto, (max-width: 250px) 100vw, 250px\" \/><\/a><\/div>\n\n\n\n<div class=\"wp-block-button\"><a class=\"wp-block-button__link has-vivid-cyan-blue-background-color has-background wp-element-button\" href=\"https:\/\/www.facebook.com\/UTPresponsable?locale=es_LA\"><img loading=\"lazy\" decoding=\"async\" width=\"1280\" height=\"1280\" class=\"wp-image-61600\" style=\"width: 30px\" src=\"https:\/\/vicerrectorias.utp.edu.co\/responsabilidad-social\/wp-content\/uploads\/sites\/12\/facebook-6338507_1280-3.webp\" alt=\"\" srcset=\"https:\/\/vicerrectorias.utp.edu.co\/responsabilidad-social\/wp-content\/uploads\/sites\/12\/facebook-6338507_1280-3.webp 1280w, https:\/\/vicerrectorias.utp.edu.co\/responsabilidad-social\/wp-content\/uploads\/sites\/12\/facebook-6338507_1280-3-300x300.webp 300w, https:\/\/vicerrectorias.utp.edu.co\/responsabilidad-social\/wp-content\/uploads\/sites\/12\/facebook-6338507_1280-3-1024x1024.webp 1024w, https:\/\/vicerrectorias.utp.edu.co\/responsabilidad-social\/wp-content\/uploads\/sites\/12\/facebook-6338507_1280-3-150x150.webp 150w, https:\/\/vicerrectorias.utp.edu.co\/responsabilidad-social\/wp-content\/uploads\/sites\/12\/facebook-6338507_1280-3-768x768.webp 768w\" sizes=\"auto, (max-width: 1280px) 100vw, 1280px\" \/><\/a><\/div>\n\n\n\n<div class=\"wp-block-button\"><a class=\"wp-block-button__link has-black-background-color has-background wp-element-button\" href=\"https:\/\/open.spotify.com\/show\/1TbIZzsXs5yPvRtepjrZFS?si=96b6ac86d204468f\"><img loading=\"lazy\" decoding=\"async\" width=\"225\" height=\"225\" class=\"wp-image-62097\" style=\"width: 30px\" src=\"https:\/\/vicerrectorias.utp.edu.co\/responsabilidad-social\/wp-content\/uploads\/sites\/12\/spotify.png.1.png\" alt=\"\" srcset=\"https:\/\/vicerrectorias.utp.edu.co\/responsabilidad-social\/wp-content\/uploads\/sites\/12\/spotify.png.1.png 225w, https:\/\/vicerrectorias.utp.edu.co\/responsabilidad-social\/wp-content\/uploads\/sites\/12\/spotify.png.1-150x150.png 150w\" sizes=\"auto, (max-width: 225px) 100vw, 225px\" \/><\/a><\/div>\n\n\n\n<div class=\"wp-block-button\"><a class=\"wp-block-button__link has-black-background-color has-background wp-element-button\" href=\"https:\/\/www.tiktok.com\/@viveelbienestar\"><img loading=\"lazy\" decoding=\"async\" width=\"512\" height=\"512\" class=\"wp-image-62095\" style=\"width: 30px\" src=\"https:\/\/vicerrectorias.utp.edu.co\/responsabilidad-social\/wp-content\/uploads\/sites\/12\/tiktok.png\" alt=\"\" srcset=\"https:\/\/vicerrectorias.utp.edu.co\/responsabilidad-social\/wp-content\/uploads\/sites\/12\/tiktok.png 512w, https:\/\/vicerrectorias.utp.edu.co\/responsabilidad-social\/wp-content\/uploads\/sites\/12\/tiktok-300x300.png 300w, https:\/\/vicerrectorias.utp.edu.co\/responsabilidad-social\/wp-content\/uploads\/sites\/12\/tiktok-150x150.png 150w\" sizes=\"auto, (max-width: 512px) 100vw, 512px\" \/><\/a><\/div>\n<\/div>\n","protected":false},"excerpt":{"rendered":"<p>Este a\u00f1o llega con m\u00e1s energ\u00eda, nuevas actividades, diversi\u00f3n garantizada y muchas sorpresas, \u00a1pero siempre con el esp\u00edritu deportivo que [&hellip;]<\/p>\n","protected":false},"author":23,"featured_media":63590,"comment_status":"open","ping_status":"open","sticky":false,"template":"","format":"standard","meta":{"footnotes":""},"categories":[3],"tags":[],"class_list":["post-63589","post","type-post","status-publish","format-standard","has-post-thumbnail","hentry","category-noticias"],"_links":{"self":[{"href":"https:\/\/vicerrectorias.utp.edu.co\/responsabilidad-social\/wp-json\/wp\/v2\/posts\/63589","targetHints":{"allow":["GET"]}}],"collection":[{"href":"https:\/\/vicerrectorias.utp.edu.co\/responsabilidad-social\/wp-json\/wp\/v2\/posts"}],"about":[{"href":"https:\/\/vicerrectorias.utp.edu.co\/responsabilidad-social\/wp-json\/wp\/v2\/types\/post"}],"author":[{"embeddable":true,"href":"https:\/\/vicerrectorias.utp.edu.co\/responsabilidad-social\/wp-json\/wp\/v2\/users\/23"}],"replies":[{"embeddable":true,"href":"https:\/\/vicerrectorias.utp.edu.co\/responsabilidad-social\/wp-json\/wp\/v2\/comments?post=63589"}],"version-history":[{"count":5,"href":"https:\/\/vicerrectorias.utp.edu.co\/responsabilidad-social\/wp-json\/wp\/v2\/posts\/63589\/revisions"}],"predecessor-version":[{"id":64187,"href":"https:\/\/vicerrectorias.utp.edu.co\/responsabilidad-social\/wp-json\/wp\/v2\/posts\/63589\/revisions\/64187"}],"wp:featuredmedia":[{"embeddable":true,"href":"https:\/\/vicerrectorias.utp.edu.co\/responsabilidad-social\/wp-json\/wp\/v2\/media\/63590"}],"wp:attachment":[{"href":"https:\/\/vicerrectorias.utp.edu.co\/responsabilidad-social\/wp-json\/wp\/v2\/media?parent=63589"}],"wp:term":[{"taxonomy":"category","embeddable":true,"href":"https:\/\/vicerrectorias.utp.edu.co\/responsabilidad-social\/wp-json\/wp\/v2\/categories?post=63589"},{"taxonomy":"post_tag","embeddable":true,"href":"https:\/\/vicerrectorias.utp.edu.co\/responsabilidad-social\/wp-json\/wp\/v2\/tags?post=63589"}],"curies":[{"name":"wp","href":"https:\/\/api.w.org\/{rel}","templated":true}]}}