{"id":6351,"date":"2019-10-07T14:02:16","date_gmt":"2019-10-07T12:02:16","guid":{"rendered":""},"modified":"2024-08-16T08:04:58","modified_gmt":"2024-08-16T06:04:58","slug":"concierto-musical-audioboga","status":"publish","type":"post","link":"https:\/\/vicerrectorias.utp.edu.co\/responsabilidad-social\/concierto-musical-audioboga\/","title":{"rendered":"Concierto Musical Audioboga"},"content":{"rendered":"\n<p><span class=\"post-content__span\"> Concierto Musical Audioboga<\/p>\n\n\n\n<p><span class=\"post-content__span\"> <img decoding=\"async\" src=\"https:\/\/comunicaciones.utp.edu.co\/wp-content\/uploads\/sites\/2\/Concierto-Musical-Audioboga-minatura.jpg\"><\/p>\n\n\n\n<p><span class=\"post-content__span\"> Continuando con la temporada de conciertos, la Oficina de Cultura y Divulgaci\u00f3n de la Vicerrector\u00eda de Responsabilidad Social y Bienestar Universitario, invita a la comunidad universitaria al Concierto Musical Audioboga, con su lanzamiento: Los Sabores del Porro, esto con motivo de la celebraci\u00f3n de amor y amistad. El evento se llevar\u00e1 a cabo el pr\u00f3ximo martes 17 de septiembre a las 7:00 p.m. en el Auditorio Jorge Roa Mart\u00ednez \u00a1Entrada libre!<\/p>\n\n\n\n<figure class=\"wp-block-image\"><img decoding=\"async\" src=\"https:\/\/comunicaciones.utp.edu.co\/wp-content\/uploads\/sites\/2\/Concierto-Musical-Audioboga.jpg\" alt=\"\"\/><\/figure>\n","protected":false},"excerpt":{"rendered":"<p>Concierto Musical Audioboga Continuando con la temporada de conciertos, la Oficina de Cultura y Divulgaci\u00f3n de la Vicerrector\u00eda de Responsabilidad [&hellip;]<\/p>\n","protected":false},"author":0,"featured_media":60476,"comment_status":"closed","ping_status":"closed","sticky":false,"template":"","format":"standard","meta":{"footnotes":""},"categories":[3],"tags":[],"class_list":["post-6351","post","type-post","status-publish","format-standard","has-post-thumbnail","hentry","category-noticias"],"_links":{"self":[{"href":"https:\/\/vicerrectorias.utp.edu.co\/responsabilidad-social\/wp-json\/wp\/v2\/posts\/6351","targetHints":{"allow":["GET"]}}],"collection":[{"href":"https:\/\/vicerrectorias.utp.edu.co\/responsabilidad-social\/wp-json\/wp\/v2\/posts"}],"about":[{"href":"https:\/\/vicerrectorias.utp.edu.co\/responsabilidad-social\/wp-json\/wp\/v2\/types\/post"}],"replies":[{"embeddable":true,"href":"https:\/\/vicerrectorias.utp.edu.co\/responsabilidad-social\/wp-json\/wp\/v2\/comments?post=6351"}],"version-history":[{"count":3,"href":"https:\/\/vicerrectorias.utp.edu.co\/responsabilidad-social\/wp-json\/wp\/v2\/posts\/6351\/revisions"}],"predecessor-version":[{"id":60852,"href":"https:\/\/vicerrectorias.utp.edu.co\/responsabilidad-social\/wp-json\/wp\/v2\/posts\/6351\/revisions\/60852"}],"wp:featuredmedia":[{"embeddable":true,"href":"https:\/\/vicerrectorias.utp.edu.co\/responsabilidad-social\/wp-json\/wp\/v2\/media\/60476"}],"wp:attachment":[{"href":"https:\/\/vicerrectorias.utp.edu.co\/responsabilidad-social\/wp-json\/wp\/v2\/media?parent=6351"}],"wp:term":[{"taxonomy":"category","embeddable":true,"href":"https:\/\/vicerrectorias.utp.edu.co\/responsabilidad-social\/wp-json\/wp\/v2\/categories?post=6351"},{"taxonomy":"post_tag","embeddable":true,"href":"https:\/\/vicerrectorias.utp.edu.co\/responsabilidad-social\/wp-json\/wp\/v2\/tags?post=6351"}],"curies":[{"name":"wp","href":"https:\/\/api.w.org\/{rel}","templated":true}]}}