{"id":6341,"date":"2019-09-30T14:09:14","date_gmt":"2019-09-30T12:09:14","guid":{"rendered":""},"modified":"2024-08-16T15:02:10","modified_gmt":"2024-08-16T13:02:10","slug":"festival-la-escafandra-15-anos","status":"publish","type":"post","link":"https:\/\/vicerrectorias.utp.edu.co\/responsabilidad-social\/festival-la-escafandra-15-anos\/","title":{"rendered":"Festival La Escafandra 15 a\u00f1os"},"content":{"rendered":"\n<p><span class=\"post-content__span\"> Festival La Escafandra 15 a\u00f1os<\/p>\n\n\n\n<p><span class=\"post-content__span\"> <img decoding=\"async\" src=\"https:\/\/comunicaciones.utp.edu.co\/wp-content\/uploads\/sites\/2\/Festival-La-Escafandra-15-anos-minatura.jpg\"><\/p>\n\n\n\n<p><span class=\"post-content__span\"> A continuaci\u00f3n se comparte programaci\u00f3n del Festival de teatro La Escafandra 15 a\u00f1os, el cual tendr\u00e1 apertura los d\u00edas 01, 02 y 03 de octubre de 2019. Apoya Vicerrector\u00eda de Responsabilidad Social y bienestar Universitario<\/p>\n\n\n\n<figure class=\"wp-block-image\"><img decoding=\"async\" src=\"https:\/\/comunicaciones.utp.edu.co\/wp-content\/uploads\/sites\/2\/Festival-La-Escafandra-15-an-1os.jpg\" alt=\"\"\/><\/figure>\n\n\n\n<figure class=\"wp-block-image\"><img decoding=\"async\" src=\"https:\/\/comunicaciones.utp.edu.co\/wp-content\/uploads\/sites\/2\/Festival-La-Escafandra-15-anos-2.jpg\" alt=\"\"\/><\/figure>\n","protected":false},"excerpt":{"rendered":"<p>Festival La Escafandra 15 a\u00f1os A continuaci\u00f3n se comparte programaci\u00f3n del Festival de teatro La Escafandra 15 a\u00f1os, el cual [&hellip;]<\/p>\n","protected":false},"author":0,"featured_media":60475,"comment_status":"closed","ping_status":"closed","sticky":false,"template":"","format":"standard","meta":{"footnotes":""},"categories":[3],"tags":[],"class_list":["post-6341","post","type-post","status-publish","format-standard","has-post-thumbnail","hentry","category-noticias"],"_links":{"self":[{"href":"https:\/\/vicerrectorias.utp.edu.co\/responsabilidad-social\/wp-json\/wp\/v2\/posts\/6341","targetHints":{"allow":["GET"]}}],"collection":[{"href":"https:\/\/vicerrectorias.utp.edu.co\/responsabilidad-social\/wp-json\/wp\/v2\/posts"}],"about":[{"href":"https:\/\/vicerrectorias.utp.edu.co\/responsabilidad-social\/wp-json\/wp\/v2\/types\/post"}],"replies":[{"embeddable":true,"href":"https:\/\/vicerrectorias.utp.edu.co\/responsabilidad-social\/wp-json\/wp\/v2\/comments?post=6341"}],"version-history":[{"count":3,"href":"https:\/\/vicerrectorias.utp.edu.co\/responsabilidad-social\/wp-json\/wp\/v2\/posts\/6341\/revisions"}],"predecessor-version":[{"id":61024,"href":"https:\/\/vicerrectorias.utp.edu.co\/responsabilidad-social\/wp-json\/wp\/v2\/posts\/6341\/revisions\/61024"}],"wp:featuredmedia":[{"embeddable":true,"href":"https:\/\/vicerrectorias.utp.edu.co\/responsabilidad-social\/wp-json\/wp\/v2\/media\/60475"}],"wp:attachment":[{"href":"https:\/\/vicerrectorias.utp.edu.co\/responsabilidad-social\/wp-json\/wp\/v2\/media?parent=6341"}],"wp:term":[{"taxonomy":"category","embeddable":true,"href":"https:\/\/vicerrectorias.utp.edu.co\/responsabilidad-social\/wp-json\/wp\/v2\/categories?post=6341"},{"taxonomy":"post_tag","embeddable":true,"href":"https:\/\/vicerrectorias.utp.edu.co\/responsabilidad-social\/wp-json\/wp\/v2\/tags?post=6341"}],"curies":[{"name":"wp","href":"https:\/\/api.w.org\/{rel}","templated":true}]}}