{"id":63316,"date":"2025-05-27T18:01:35","date_gmt":"2025-05-27T16:01:35","guid":{"rendered":"https:\/\/vicerrectorias.utp.edu.co\/responsabilidad-social\/?p=63316"},"modified":"2025-05-27T18:12:40","modified_gmt":"2025-05-27T16:12:40","slug":"celebracion-del-inti-raymi","status":"publish","type":"post","link":"https:\/\/vicerrectorias.utp.edu.co\/responsabilidad-social\/celebracion-del-inti-raymi\/","title":{"rendered":"Celebraci\u00f3n del Inti Raymi"},"content":{"rendered":"\n<p><span class=\"post-content__span\"> En un ambiente cargado de espiritualidad, tradici\u00f3n y profundo respeto por la cultura ancestral, la Universidad celebr\u00f3 el Inti Raymi, una festividad ind\u00edgena que honra al sol, la tierra y la vida, en compa\u00f1\u00eda del Cabildo Ind\u00edgena Universitario, estudiantes, docentes y autoridades tradicionales.<\/p>\n\n\n\n<p><span class=\"post-content__span\"> Celebrar el Inti Raymi es tambi\u00e9n una forma de sembrar vida, de agradecer y de reafirmar que el bienestar universitario es la identidad y los territorios, Desde nuestro rol institucional, ratificamos el compromiso de seguir trabajando por un entorno digno, diverso y en armon\u00eda con los principios que encarnan, unidad, territorio, autonom\u00eda, cultura y reciprocidad.<\/p>\n\n\n\n<p><span class=\"post-content__span\"> Durante el evento se realizaron rituales de armonizaci\u00f3n, danzas y reflexiones orientadas por sabedores ancestrales, lo que permiti\u00f3 un espacio de conexi\u00f3n espiritual y cultural para toda la comunidad universitaria.<\/p>\n\n\n\n<p><span class=\"post-content__span\"> La celebraci\u00f3n del Inti Raymi, organizada por el Cabildo Ind\u00edgena Universitario, es un ejercicio aut\u00f3nomo de organizaci\u00f3n cultural. Asimismo, representa el avance de la Universidad hacia una educaci\u00f3n superior intercultural, incluyente y comprometida con la equidad.<br>Con este tipo de eventos, la Universidad contin\u00faa fortaleciendo los lazos con los pueblos ind\u00edgenas, reconociendo la diversidad como pilar del bienestar colectivo y el sentido de comunidad dentro&nbsp;del&nbsp;campus.<\/p>\n\n\n<div class=\"wp-block-image\">\n<figure class=\"aligncenter size-large is-resized\"><img decoding=\"async\" src=\"https:\/\/vicerrectorias.utp.edu.co\/responsabilidad-social\/wp-content\/uploads\/sites\/12\/WhatsApp-Image-2025-05-27-at-11.00.47_8d585c72.jpg\" alt=\"\" style=\"width:473px;height:auto\" \/><\/figure>\n<\/div>\n\n\n<div class=\"wp-block-buttons is-content-justification-center is-layout-flex wp-container-core-buttons-is-layout-16018d1d wp-block-buttons-is-layout-flex\">\n<div class=\"wp-block-button\"><a class=\"wp-block-button__link has-luminous-dusk-gradient-background has-background wp-element-button\" href=\"https:\/\/www.instagram.com\/bienestarutp\/?hl=es\"><img loading=\"lazy\" decoding=\"async\" width=\"250\" height=\"250\" class=\"wp-image-61599\" style=\"width: 30px\" src=\"https:\/\/vicerrectorias.utp.edu.co\/responsabilidad-social\/wp-content\/uploads\/sites\/12\/Instagram_logo_2022.svg_-3.png\" alt=\"\" srcset=\"https:\/\/vicerrectorias.utp.edu.co\/responsabilidad-social\/wp-content\/uploads\/sites\/12\/Instagram_logo_2022.svg_-3.png 250w, https:\/\/vicerrectorias.utp.edu.co\/responsabilidad-social\/wp-content\/uploads\/sites\/12\/Instagram_logo_2022.svg_-3-150x150.png 150w\" sizes=\"auto, (max-width: 250px) 100vw, 250px\" \/><\/a><\/div>\n\n\n\n<div class=\"wp-block-button\"><a class=\"wp-block-button__link has-vivid-cyan-blue-background-color has-background wp-element-button\" href=\"https:\/\/www.facebook.com\/UTPresponsable?locale=es_LA\"><img loading=\"lazy\" decoding=\"async\" width=\"1280\" height=\"1280\" class=\"wp-image-61600\" style=\"width: 30px\" src=\"https:\/\/vicerrectorias.utp.edu.co\/responsabilidad-social\/wp-content\/uploads\/sites\/12\/facebook-6338507_1280-3.webp\" alt=\"\" srcset=\"https:\/\/vicerrectorias.utp.edu.co\/responsabilidad-social\/wp-content\/uploads\/sites\/12\/facebook-6338507_1280-3.webp 1280w, https:\/\/vicerrectorias.utp.edu.co\/responsabilidad-social\/wp-content\/uploads\/sites\/12\/facebook-6338507_1280-3-300x300.webp 300w, https:\/\/vicerrectorias.utp.edu.co\/responsabilidad-social\/wp-content\/uploads\/sites\/12\/facebook-6338507_1280-3-1024x1024.webp 1024w, https:\/\/vicerrectorias.utp.edu.co\/responsabilidad-social\/wp-content\/uploads\/sites\/12\/facebook-6338507_1280-3-150x150.webp 150w, https:\/\/vicerrectorias.utp.edu.co\/responsabilidad-social\/wp-content\/uploads\/sites\/12\/facebook-6338507_1280-3-768x768.webp 768w\" sizes=\"auto, (max-width: 1280px) 100vw, 1280px\" \/><\/a><\/div>\n\n\n\n<div class=\"wp-block-button\"><a class=\"wp-block-button__link has-black-background-color has-background wp-element-button\" href=\"https:\/\/open.spotify.com\/show\/1TbIZzsXs5yPvRtepjrZFS?si=96b6ac86d204468f\"><img loading=\"lazy\" decoding=\"async\" width=\"225\" height=\"225\" class=\"wp-image-62097\" style=\"width: 30px\" src=\"https:\/\/vicerrectorias.utp.edu.co\/responsabilidad-social\/wp-content\/uploads\/sites\/12\/spotify.png.1.png\" alt=\"\" srcset=\"https:\/\/vicerrectorias.utp.edu.co\/responsabilidad-social\/wp-content\/uploads\/sites\/12\/spotify.png.1.png 225w, https:\/\/vicerrectorias.utp.edu.co\/responsabilidad-social\/wp-content\/uploads\/sites\/12\/spotify.png.1-150x150.png 150w\" sizes=\"auto, (max-width: 225px) 100vw, 225px\" \/><\/a><\/div>\n\n\n\n<div class=\"wp-block-button\"><a class=\"wp-block-button__link has-black-background-color has-background wp-element-button\" href=\"https:\/\/www.tiktok.com\/@viveelbienestar\"><img loading=\"lazy\" decoding=\"async\" width=\"512\" height=\"512\" class=\"wp-image-62095\" style=\"width: 30px\" src=\"https:\/\/vicerrectorias.utp.edu.co\/responsabilidad-social\/wp-content\/uploads\/sites\/12\/tiktok.png\" alt=\"\" srcset=\"https:\/\/vicerrectorias.utp.edu.co\/responsabilidad-social\/wp-content\/uploads\/sites\/12\/tiktok.png 512w, https:\/\/vicerrectorias.utp.edu.co\/responsabilidad-social\/wp-content\/uploads\/sites\/12\/tiktok-300x300.png 300w, https:\/\/vicerrectorias.utp.edu.co\/responsabilidad-social\/wp-content\/uploads\/sites\/12\/tiktok-150x150.png 150w\" sizes=\"auto, (max-width: 512px) 100vw, 512px\" \/><\/a><\/div>\n<\/div>\n","protected":false},"excerpt":{"rendered":"<p>En un ambiente cargado de espiritualidad, tradici\u00f3n y profundo respeto por la cultura ancestral, la Universidad celebr\u00f3 el Inti Raymi, [&hellip;]<\/p>\n","protected":false},"author":23,"featured_media":63319,"comment_status":"open","ping_status":"open","sticky":false,"template":"","format":"standard","meta":{"footnotes":""},"categories":[3],"tags":[],"class_list":["post-63316","post","type-post","status-publish","format-standard","has-post-thumbnail","hentry","category-noticias"],"_links":{"self":[{"href":"https:\/\/vicerrectorias.utp.edu.co\/responsabilidad-social\/wp-json\/wp\/v2\/posts\/63316","targetHints":{"allow":["GET"]}}],"collection":[{"href":"https:\/\/vicerrectorias.utp.edu.co\/responsabilidad-social\/wp-json\/wp\/v2\/posts"}],"about":[{"href":"https:\/\/vicerrectorias.utp.edu.co\/responsabilidad-social\/wp-json\/wp\/v2\/types\/post"}],"author":[{"embeddable":true,"href":"https:\/\/vicerrectorias.utp.edu.co\/responsabilidad-social\/wp-json\/wp\/v2\/users\/23"}],"replies":[{"embeddable":true,"href":"https:\/\/vicerrectorias.utp.edu.co\/responsabilidad-social\/wp-json\/wp\/v2\/comments?post=63316"}],"version-history":[{"count":5,"href":"https:\/\/vicerrectorias.utp.edu.co\/responsabilidad-social\/wp-json\/wp\/v2\/posts\/63316\/revisions"}],"predecessor-version":[{"id":63324,"href":"https:\/\/vicerrectorias.utp.edu.co\/responsabilidad-social\/wp-json\/wp\/v2\/posts\/63316\/revisions\/63324"}],"wp:featuredmedia":[{"embeddable":true,"href":"https:\/\/vicerrectorias.utp.edu.co\/responsabilidad-social\/wp-json\/wp\/v2\/media\/63319"}],"wp:attachment":[{"href":"https:\/\/vicerrectorias.utp.edu.co\/responsabilidad-social\/wp-json\/wp\/v2\/media?parent=63316"}],"wp:term":[{"taxonomy":"category","embeddable":true,"href":"https:\/\/vicerrectorias.utp.edu.co\/responsabilidad-social\/wp-json\/wp\/v2\/categories?post=63316"},{"taxonomy":"post_tag","embeddable":true,"href":"https:\/\/vicerrectorias.utp.edu.co\/responsabilidad-social\/wp-json\/wp\/v2\/tags?post=63316"}],"curies":[{"name":"wp","href":"https:\/\/api.w.org\/{rel}","templated":true}]}}