{"id":63213,"date":"2025-05-20T21:18:08","date_gmt":"2025-05-20T19:18:08","guid":{"rendered":"https:\/\/vicerrectorias.utp.edu.co\/responsabilidad-social\/?p=63213"},"modified":"2025-05-21T17:17:32","modified_gmt":"2025-05-21T15:17:32","slug":"tutorial-de-votacion-electoral-utp","status":"publish","type":"post","link":"https:\/\/vicerrectorias.utp.edu.co\/responsabilidad-social\/tutorial-de-votacion-electoral-utp\/","title":{"rendered":"Tutorial de votaci\u00f3n electoral UTP"},"content":{"rendered":"\n<p><span class=\"post-content__span\"> La Universidad Tecnol\u00f3gica de Pereira ha publicado un tutorial detallado para que docentes y administrativos habilitados puedan ejercer su derecho al voto en las elecciones institucionales del pr\u00f3ximo 21 de mayo, que se realizar\u00e1n mediante el sistema de votaci\u00f3n en l\u00ednea.&nbsp;Este instructivo busca garantizar la participaci\u00f3n democr\u00e1tica y la seguridad de todo el proceso.<\/p>\n\n\n\n<p><span class=\"post-content__span\"> <strong>\u00bfQui\u00e9nes pueden votar?<\/strong><\/p>\n\n\n\n<p><span class=\"post-content__span\"> Solo podr\u00e1n participar quienes est\u00e9n registrados en el censo electoral institucional. Es fundamental que los datos personales est\u00e9n actualizados para acceder al sistema de votaci\u00f3n.<\/p>\n\n\n\n<p><span class=\"post-content__span\"> <strong>Pasos para votar en las elecciones UTP 2025<\/strong><\/p>\n\n\n\n<ul class=\"wp-block-list\">\n<li>Ingrese al portal de Sistemas de Informaci\u00f3n de la UTP.<\/li>\n\n\n\n<li>Acceda con su usuario y contrase\u00f1a institucional.<\/li>\n\n\n\n<li>En el men\u00fa principal, seleccione la opci\u00f3n \u201cVotaciones en L\u00ednea Docentes\u201d.<\/li>\n\n\n\n<li>Haga clic en \u201cActualizar datos\u201d.<\/li>\n\n\n\n<li>El sistema solicitar\u00e1 nuevamente su usuario y contrase\u00f1a institucional para una doble autenticaci\u00f3n.<\/li>\n\n\n\n<li>Verifique que su n\u00famero de celular y dem\u00e1s datos personales sean correctos. Si es necesario, actual\u00edcelos y confirme.<\/li>\n\n\n\n<li>Una vez confirmados los datos, haga clic en \u201cSalir\u201d para finalizar el proceso de habilitaci\u00f3n.<\/li>\n<\/ul>\n\n\n\n<p><span class=\"post-content__span\"> Este procedimiento es obligatorio y garantiza la seguridad del proceso electoral mediante un doble factor de autenticaci\u00f3n. Solo quienes hayan completado la actualizaci\u00f3n de datos podr\u00e1n votar electr\u00f3nicamente el d\u00eda de las elecciones.<\/p>\n\n\n\n<p><span class=\"post-content__span\"> <strong>Soporte y asistencia<\/strong><\/p>\n\n\n\n<p><span class=\"post-content__span\"> En caso de dudas o inconvenientes, los votantes pueden comunicarse con la Gesti\u00f3n de Tecnolog\u00edas Inform\u00e1ticas y Sistemas de Informaci\u00f3n de la UTP para recibir soporte t\u00e9cnico.<\/p>\n\n\n\n<p><span class=\"post-content__span\"> <strong>Invitaci\u00f3n a la participaci\u00f3n<\/strong><\/p>\n\n\n\n<p><span class=\"post-content__span\"> La UTP invita a toda su comunidad docente y administrativa a participar activamente en este proceso democr\u00e1tico, siguiendo cuidadosamente los pasos del tutorial para asegurar su derecho al voto y fortalecer la transparencia institucional.<\/p>\n\n\n\n<p><span class=\"post-content__span\"> <strong>Video tutorial:<\/strong> <a href=\"https:\/\/web.facebook.com\/watch\/?mibextid=wwXIfr&amp;v=551599864670755&amp;rdid=3Rm7krxZzLVFj383\">https:\/\/web.facebook.com\/watch\/?mibextid=wwXIfr&amp;v=551599864670755&amp;rdid=3Rm7krxZzLVFj383<\/a><br><a href=\"https:\/\/youtu.be\/I7EWK_42WVg\">https:\/\/youtu.be\/I7EWK_42WVg<\/a> <\/p>\n\n\n\n<div style=\"height:25px\" aria-hidden=\"true\" class=\"wp-block-spacer\"><\/div>\n\n\n\n<div class=\"wp-block-buttons is-content-justification-center is-layout-flex wp-container-core-buttons-is-layout-16018d1d wp-block-buttons-is-layout-flex\">\n<div class=\"wp-block-button\"><a class=\"wp-block-button__link has-luminous-dusk-gradient-background has-background wp-element-button\" href=\"https:\/\/www.instagram.com\/bienestarutp\/?hl=es\"><img loading=\"lazy\" decoding=\"async\" width=\"250\" height=\"250\" class=\"wp-image-61599\" style=\"width: 30px\" src=\"https:\/\/vicerrectorias.utp.edu.co\/responsabilidad-social\/wp-content\/uploads\/sites\/12\/Instagram_logo_2022.svg_-3.png\" alt=\"\" srcset=\"https:\/\/vicerrectorias.utp.edu.co\/responsabilidad-social\/wp-content\/uploads\/sites\/12\/Instagram_logo_2022.svg_-3.png 250w, https:\/\/vicerrectorias.utp.edu.co\/responsabilidad-social\/wp-content\/uploads\/sites\/12\/Instagram_logo_2022.svg_-3-150x150.png 150w\" sizes=\"auto, (max-width: 250px) 100vw, 250px\" \/><\/a><\/div>\n\n\n\n<div class=\"wp-block-button\"><a class=\"wp-block-button__link has-vivid-cyan-blue-background-color has-background wp-element-button\" href=\"https:\/\/www.facebook.com\/UTPresponsable?locale=es_LA\"><img loading=\"lazy\" decoding=\"async\" width=\"1280\" height=\"1280\" class=\"wp-image-61600\" style=\"width: 30px\" src=\"https:\/\/vicerrectorias.utp.edu.co\/responsabilidad-social\/wp-content\/uploads\/sites\/12\/facebook-6338507_1280-3.webp\" alt=\"\" srcset=\"https:\/\/vicerrectorias.utp.edu.co\/responsabilidad-social\/wp-content\/uploads\/sites\/12\/facebook-6338507_1280-3.webp 1280w, https:\/\/vicerrectorias.utp.edu.co\/responsabilidad-social\/wp-content\/uploads\/sites\/12\/facebook-6338507_1280-3-300x300.webp 300w, https:\/\/vicerrectorias.utp.edu.co\/responsabilidad-social\/wp-content\/uploads\/sites\/12\/facebook-6338507_1280-3-1024x1024.webp 1024w, https:\/\/vicerrectorias.utp.edu.co\/responsabilidad-social\/wp-content\/uploads\/sites\/12\/facebook-6338507_1280-3-150x150.webp 150w, https:\/\/vicerrectorias.utp.edu.co\/responsabilidad-social\/wp-content\/uploads\/sites\/12\/facebook-6338507_1280-3-768x768.webp 768w\" sizes=\"auto, (max-width: 1280px) 100vw, 1280px\" \/><\/a><\/div>\n\n\n\n<div class=\"wp-block-button\"><a class=\"wp-block-button__link has-black-background-color has-background wp-element-button\" href=\"https:\/\/open.spotify.com\/show\/1TbIZzsXs5yPvRtepjrZFS?si=96b6ac86d204468f\"><img loading=\"lazy\" decoding=\"async\" width=\"225\" height=\"225\" class=\"wp-image-62097\" style=\"width: 30px\" src=\"https:\/\/vicerrectorias.utp.edu.co\/responsabilidad-social\/wp-content\/uploads\/sites\/12\/spotify.png.1.png\" alt=\"\" srcset=\"https:\/\/vicerrectorias.utp.edu.co\/responsabilidad-social\/wp-content\/uploads\/sites\/12\/spotify.png.1.png 225w, https:\/\/vicerrectorias.utp.edu.co\/responsabilidad-social\/wp-content\/uploads\/sites\/12\/spotify.png.1-150x150.png 150w\" sizes=\"auto, (max-width: 225px) 100vw, 225px\" \/><\/a><\/div>\n\n\n\n<div class=\"wp-block-button\"><a class=\"wp-block-button__link has-black-background-color has-background wp-element-button\" href=\"https:\/\/www.tiktok.com\/@viveelbienestar\"><img loading=\"lazy\" decoding=\"async\" width=\"512\" height=\"512\" class=\"wp-image-62095\" style=\"width: 30px\" src=\"https:\/\/vicerrectorias.utp.edu.co\/responsabilidad-social\/wp-content\/uploads\/sites\/12\/tiktok.png\" alt=\"\" srcset=\"https:\/\/vicerrectorias.utp.edu.co\/responsabilidad-social\/wp-content\/uploads\/sites\/12\/tiktok.png 512w, https:\/\/vicerrectorias.utp.edu.co\/responsabilidad-social\/wp-content\/uploads\/sites\/12\/tiktok-300x300.png 300w, https:\/\/vicerrectorias.utp.edu.co\/responsabilidad-social\/wp-content\/uploads\/sites\/12\/tiktok-150x150.png 150w\" sizes=\"auto, (max-width: 512px) 100vw, 512px\" \/><\/a><\/div>\n<\/div>\n\n\n\n<p><span class=\"post-content__span\"> <\/p>\n","protected":false},"excerpt":{"rendered":"<p>La Universidad Tecnol\u00f3gica de Pereira ha publicado un tutorial detallado para que docentes y administrativos habilitados puedan ejercer su derecho [&hellip;]<\/p>\n","protected":false},"author":24,"featured_media":63222,"comment_status":"open","ping_status":"open","sticky":false,"template":"","format":"standard","meta":{"footnotes":""},"categories":[3],"tags":[],"class_list":["post-63213","post","type-post","status-publish","format-standard","has-post-thumbnail","hentry","category-noticias"],"_links":{"self":[{"href":"https:\/\/vicerrectorias.utp.edu.co\/responsabilidad-social\/wp-json\/wp\/v2\/posts\/63213","targetHints":{"allow":["GET"]}}],"collection":[{"href":"https:\/\/vicerrectorias.utp.edu.co\/responsabilidad-social\/wp-json\/wp\/v2\/posts"}],"about":[{"href":"https:\/\/vicerrectorias.utp.edu.co\/responsabilidad-social\/wp-json\/wp\/v2\/types\/post"}],"author":[{"embeddable":true,"href":"https:\/\/vicerrectorias.utp.edu.co\/responsabilidad-social\/wp-json\/wp\/v2\/users\/24"}],"replies":[{"embeddable":true,"href":"https:\/\/vicerrectorias.utp.edu.co\/responsabilidad-social\/wp-json\/wp\/v2\/comments?post=63213"}],"version-history":[{"count":2,"href":"https:\/\/vicerrectorias.utp.edu.co\/responsabilidad-social\/wp-json\/wp\/v2\/posts\/63213\/revisions"}],"predecessor-version":[{"id":63239,"href":"https:\/\/vicerrectorias.utp.edu.co\/responsabilidad-social\/wp-json\/wp\/v2\/posts\/63213\/revisions\/63239"}],"wp:featuredmedia":[{"embeddable":true,"href":"https:\/\/vicerrectorias.utp.edu.co\/responsabilidad-social\/wp-json\/wp\/v2\/media\/63222"}],"wp:attachment":[{"href":"https:\/\/vicerrectorias.utp.edu.co\/responsabilidad-social\/wp-json\/wp\/v2\/media?parent=63213"}],"wp:term":[{"taxonomy":"category","embeddable":true,"href":"https:\/\/vicerrectorias.utp.edu.co\/responsabilidad-social\/wp-json\/wp\/v2\/categories?post=63213"},{"taxonomy":"post_tag","embeddable":true,"href":"https:\/\/vicerrectorias.utp.edu.co\/responsabilidad-social\/wp-json\/wp\/v2\/tags?post=63213"}],"curies":[{"name":"wp","href":"https:\/\/api.w.org\/{rel}","templated":true}]}}