{"id":6321,"date":"2019-09-19T16:10:43","date_gmt":"2019-09-19T14:10:43","guid":{"rendered":""},"modified":"2024-08-20T09:31:14","modified_gmt":"2024-08-20T07:31:14","slug":"invitacion-especial-huerta-utepitos","status":"publish","type":"post","link":"https:\/\/vicerrectorias.utp.edu.co\/responsabilidad-social\/invitacion-especial-huerta-utepitos\/","title":{"rendered":"Invitaci\u00f3n especial: Huerta UTEPITOS"},"content":{"rendered":"\n<p><span class=\"post-content__span\"> Invitaci\u00f3n especial: Huerta UTEPITOS<\/p>\n\n\n\n<p><span class=\"post-content__span\"> <img decoding=\"async\" src=\"https:\/\/comunicaciones.utp.edu.co\/wp-content\/uploads\/sites\/2\/logo-utepitos.png\">El pr\u00f3ximo viernes 20 de septiembre de 2019 a las 9:30 de la ma\u00f1ana en las instalaciones de UTEPITOS, se llevar\u00e1 a cabo la recepci\u00f3n de materiales para la construcci\u00f3n de la \u201cHUERTA UTEPITOS\u201d&nbsp;por parte de la Empresa LITO S.A.S.<\/p>\n\n\n\n<p><span class=\"post-content__span\"> Por ser una actividad tan significativa para la instituci\u00f3n se extiende invitaci\u00f3n especial a la comunidad universitaria para que acompa\u00f1e a los ni\u00f1os de UTEPITOS.<\/p>\n","protected":false},"excerpt":{"rendered":"<p>Invitaci\u00f3n especial: Huerta UTEPITOS El pr\u00f3ximo viernes 20 de septiembre de 2019 a las 9:30 de la ma\u00f1ana en las [&hellip;]<\/p>\n","protected":false},"author":0,"featured_media":60473,"comment_status":"closed","ping_status":"closed","sticky":false,"template":"","format":"standard","meta":{"footnotes":""},"categories":[3],"tags":[],"class_list":["post-6321","post","type-post","status-publish","format-standard","has-post-thumbnail","hentry","category-noticias"],"_links":{"self":[{"href":"https:\/\/vicerrectorias.utp.edu.co\/responsabilidad-social\/wp-json\/wp\/v2\/posts\/6321","targetHints":{"allow":["GET"]}}],"collection":[{"href":"https:\/\/vicerrectorias.utp.edu.co\/responsabilidad-social\/wp-json\/wp\/v2\/posts"}],"about":[{"href":"https:\/\/vicerrectorias.utp.edu.co\/responsabilidad-social\/wp-json\/wp\/v2\/types\/post"}],"replies":[{"embeddable":true,"href":"https:\/\/vicerrectorias.utp.edu.co\/responsabilidad-social\/wp-json\/wp\/v2\/comments?post=6321"}],"version-history":[{"count":2,"href":"https:\/\/vicerrectorias.utp.edu.co\/responsabilidad-social\/wp-json\/wp\/v2\/posts\/6321\/revisions"}],"predecessor-version":[{"id":61151,"href":"https:\/\/vicerrectorias.utp.edu.co\/responsabilidad-social\/wp-json\/wp\/v2\/posts\/6321\/revisions\/61151"}],"wp:featuredmedia":[{"embeddable":true,"href":"https:\/\/vicerrectorias.utp.edu.co\/responsabilidad-social\/wp-json\/wp\/v2\/media\/60473"}],"wp:attachment":[{"href":"https:\/\/vicerrectorias.utp.edu.co\/responsabilidad-social\/wp-json\/wp\/v2\/media?parent=6321"}],"wp:term":[{"taxonomy":"category","embeddable":true,"href":"https:\/\/vicerrectorias.utp.edu.co\/responsabilidad-social\/wp-json\/wp\/v2\/categories?post=6321"},{"taxonomy":"post_tag","embeddable":true,"href":"https:\/\/vicerrectorias.utp.edu.co\/responsabilidad-social\/wp-json\/wp\/v2\/tags?post=6321"}],"curies":[{"name":"wp","href":"https:\/\/api.w.org\/{rel}","templated":true}]}}