{"id":63177,"date":"2025-05-15T17:04:19","date_gmt":"2025-05-15T15:04:19","guid":{"rendered":"https:\/\/vicerrectorias.utp.edu.co\/responsabilidad-social\/?p=63177"},"modified":"2025-05-15T17:07:25","modified_gmt":"2025-05-15T15:07:25","slug":"la-utp-rinde-homenaje-a-sus-docentes-en-su-dia","status":"publish","type":"post","link":"https:\/\/vicerrectorias.utp.edu.co\/responsabilidad-social\/la-utp-rinde-homenaje-a-sus-docentes-en-su-dia\/","title":{"rendered":"La UTP rinde homenaje a sus docentes en su d\u00eda"},"content":{"rendered":"\n<p><span class=\"post-content__span\"> En el marco de la celebraci\u00f3n del D\u00eda del Maestro, la comunidad educativa se une para rendir homenaje a quienes, con dedicaci\u00f3n y vocaci\u00f3n, hacen posible la formaci\u00f3n de generaciones comprometidas con el conocimiento y los valores.<\/p>\n\n\n\n<p><span class=\"post-content__span\"> \u00abQueridos docentes, hoy es un d\u00eda especial para reconocer y honrar la labor invaluable que cada uno de ustedes desempe\u00f1a\u00bb, expres\u00f3 la direcci\u00f3n institucional en un emotivo comunicado dirigido a su equipo docente.<\/p>\n\n\n\n<p><span class=\"post-content__span\"> Durante el mensaje, se destac\u00f3 que los maestros no solo transmiten conocimientos, sino que tambi\u00e9n son gu\u00edas, fuentes de inspiraci\u00f3n y referentes humanos fundamentales en el camino del aprendizaje de sus estudiantes.<\/p>\n\n\n\n<p><span class=\"post-content__span\"> \u00abGracias por su entrega, por su compromiso constante y por la pasi\u00f3n con la que mantienen viva la esencia de nuestra misi\u00f3n educativa. Cada uno de ustedes es una pieza clave en este proyecto colectivo que construimos con visi\u00f3n, responsabilidad y sentido \u00e9tico\u00bb, concluy\u00f3 el mensaje.<\/p>\n\n\n\n<p><span class=\"post-content__span\"> En este d\u00eda, se reafirma el compromiso institucional de seguir trabajando de la mano con los docentes para fortalecer una educaci\u00f3n de calidad, inclusiva y transformadora.<\/p>\n\n\n\n<div style=\"height:41px\" aria-hidden=\"true\" class=\"wp-block-spacer\"><\/div>\n\n\n\n<div class=\"wp-block-buttons is-content-justification-center is-layout-flex wp-container-core-buttons-is-layout-16018d1d wp-block-buttons-is-layout-flex\">\n<div class=\"wp-block-button\"><a class=\"wp-block-button__link has-luminous-dusk-gradient-background has-background wp-element-button\" href=\"https:\/\/www.instagram.com\/bienestarutp\/?hl=es\"><img loading=\"lazy\" decoding=\"async\" width=\"250\" height=\"250\" class=\"wp-image-61599\" style=\"width: 30px\" src=\"https:\/\/vicerrectorias.utp.edu.co\/responsabilidad-social\/wp-content\/uploads\/sites\/12\/Instagram_logo_2022.svg_-3.png\" alt=\"\" srcset=\"https:\/\/vicerrectorias.utp.edu.co\/responsabilidad-social\/wp-content\/uploads\/sites\/12\/Instagram_logo_2022.svg_-3.png 250w, https:\/\/vicerrectorias.utp.edu.co\/responsabilidad-social\/wp-content\/uploads\/sites\/12\/Instagram_logo_2022.svg_-3-150x150.png 150w\" sizes=\"auto, (max-width: 250px) 100vw, 250px\" \/><\/a><\/div>\n\n\n\n<div class=\"wp-block-button\"><a class=\"wp-block-button__link has-vivid-cyan-blue-background-color has-background wp-element-button\" href=\"https:\/\/www.facebook.com\/UTPresponsable?locale=es_LA\"><img loading=\"lazy\" decoding=\"async\" width=\"1280\" height=\"1280\" class=\"wp-image-61600\" style=\"width: 30px\" src=\"https:\/\/vicerrectorias.utp.edu.co\/responsabilidad-social\/wp-content\/uploads\/sites\/12\/facebook-6338507_1280-3.webp\" alt=\"\" srcset=\"https:\/\/vicerrectorias.utp.edu.co\/responsabilidad-social\/wp-content\/uploads\/sites\/12\/facebook-6338507_1280-3.webp 1280w, https:\/\/vicerrectorias.utp.edu.co\/responsabilidad-social\/wp-content\/uploads\/sites\/12\/facebook-6338507_1280-3-300x300.webp 300w, https:\/\/vicerrectorias.utp.edu.co\/responsabilidad-social\/wp-content\/uploads\/sites\/12\/facebook-6338507_1280-3-1024x1024.webp 1024w, https:\/\/vicerrectorias.utp.edu.co\/responsabilidad-social\/wp-content\/uploads\/sites\/12\/facebook-6338507_1280-3-150x150.webp 150w, https:\/\/vicerrectorias.utp.edu.co\/responsabilidad-social\/wp-content\/uploads\/sites\/12\/facebook-6338507_1280-3-768x768.webp 768w\" sizes=\"auto, (max-width: 1280px) 100vw, 1280px\" \/><\/a><\/div>\n\n\n\n<div class=\"wp-block-button\"><a class=\"wp-block-button__link has-black-background-color has-background wp-element-button\" href=\"https:\/\/open.spotify.com\/show\/1TbIZzsXs5yPvRtepjrZFS?si=96b6ac86d204468f\"><img loading=\"lazy\" decoding=\"async\" width=\"225\" height=\"225\" class=\"wp-image-62097\" style=\"width: 30px\" src=\"https:\/\/vicerrectorias.utp.edu.co\/responsabilidad-social\/wp-content\/uploads\/sites\/12\/spotify.png.1.png\" alt=\"\" srcset=\"https:\/\/vicerrectorias.utp.edu.co\/responsabilidad-social\/wp-content\/uploads\/sites\/12\/spotify.png.1.png 225w, https:\/\/vicerrectorias.utp.edu.co\/responsabilidad-social\/wp-content\/uploads\/sites\/12\/spotify.png.1-150x150.png 150w\" sizes=\"auto, (max-width: 225px) 100vw, 225px\" \/><\/a><\/div>\n\n\n\n<div class=\"wp-block-button\"><a class=\"wp-block-button__link has-black-background-color has-background wp-element-button\" href=\"https:\/\/www.tiktok.com\/@viveelbienestar\"><img loading=\"lazy\" decoding=\"async\" width=\"512\" height=\"512\" class=\"wp-image-62095\" style=\"width: 30px\" src=\"https:\/\/vicerrectorias.utp.edu.co\/responsabilidad-social\/wp-content\/uploads\/sites\/12\/tiktok.png\" alt=\"\" srcset=\"https:\/\/vicerrectorias.utp.edu.co\/responsabilidad-social\/wp-content\/uploads\/sites\/12\/tiktok.png 512w, https:\/\/vicerrectorias.utp.edu.co\/responsabilidad-social\/wp-content\/uploads\/sites\/12\/tiktok-300x300.png 300w, https:\/\/vicerrectorias.utp.edu.co\/responsabilidad-social\/wp-content\/uploads\/sites\/12\/tiktok-150x150.png 150w\" sizes=\"auto, (max-width: 512px) 100vw, 512px\" \/><\/a><\/div>\n<\/div>\n","protected":false},"excerpt":{"rendered":"<p>En el marco de la celebraci\u00f3n del D\u00eda del Maestro, la comunidad educativa se une para rendir homenaje a quienes, [&hellip;]<\/p>\n","protected":false},"author":23,"featured_media":63179,"comment_status":"open","ping_status":"open","sticky":false,"template":"","format":"standard","meta":{"footnotes":""},"categories":[3],"tags":[],"class_list":["post-63177","post","type-post","status-publish","format-standard","has-post-thumbnail","hentry","category-noticias"],"_links":{"self":[{"href":"https:\/\/vicerrectorias.utp.edu.co\/responsabilidad-social\/wp-json\/wp\/v2\/posts\/63177","targetHints":{"allow":["GET"]}}],"collection":[{"href":"https:\/\/vicerrectorias.utp.edu.co\/responsabilidad-social\/wp-json\/wp\/v2\/posts"}],"about":[{"href":"https:\/\/vicerrectorias.utp.edu.co\/responsabilidad-social\/wp-json\/wp\/v2\/types\/post"}],"author":[{"embeddable":true,"href":"https:\/\/vicerrectorias.utp.edu.co\/responsabilidad-social\/wp-json\/wp\/v2\/users\/23"}],"replies":[{"embeddable":true,"href":"https:\/\/vicerrectorias.utp.edu.co\/responsabilidad-social\/wp-json\/wp\/v2\/comments?post=63177"}],"version-history":[{"count":3,"href":"https:\/\/vicerrectorias.utp.edu.co\/responsabilidad-social\/wp-json\/wp\/v2\/posts\/63177\/revisions"}],"predecessor-version":[{"id":63240,"href":"https:\/\/vicerrectorias.utp.edu.co\/responsabilidad-social\/wp-json\/wp\/v2\/posts\/63177\/revisions\/63240"}],"wp:featuredmedia":[{"embeddable":true,"href":"https:\/\/vicerrectorias.utp.edu.co\/responsabilidad-social\/wp-json\/wp\/v2\/media\/63179"}],"wp:attachment":[{"href":"https:\/\/vicerrectorias.utp.edu.co\/responsabilidad-social\/wp-json\/wp\/v2\/media?parent=63177"}],"wp:term":[{"taxonomy":"category","embeddable":true,"href":"https:\/\/vicerrectorias.utp.edu.co\/responsabilidad-social\/wp-json\/wp\/v2\/categories?post=63177"},{"taxonomy":"post_tag","embeddable":true,"href":"https:\/\/vicerrectorias.utp.edu.co\/responsabilidad-social\/wp-json\/wp\/v2\/tags?post=63177"}],"curies":[{"name":"wp","href":"https:\/\/api.w.org\/{rel}","templated":true}]}}