{"id":6311,"date":"2019-09-17T13:36:06","date_gmt":"2019-09-17T11:36:06","guid":{"rendered":""},"modified":"2024-08-16T11:03:04","modified_gmt":"2024-08-16T09:03:04","slug":"deportistas-recibieron-uniformes-y-bandera-utp","status":"publish","type":"post","link":"https:\/\/vicerrectorias.utp.edu.co\/responsabilidad-social\/deportistas-recibieron-uniformes-y-bandera-utp\/","title":{"rendered":"Deportistas recibieron uniformes y bandera UTP"},"content":{"rendered":"\n<p><span class=\"post-content__span\"> Deportistas recibieron uniformes y bandera UTP<\/p>\n\n\n\n<p><span class=\"post-content__span\"> <img decoding=\"async\" src=\"https:\/\/comunicaciones.utp.edu.co\/wp-content\/uploads\/sites\/2\/New-Project-92-.jpg\">En un acto que se cumpli\u00f3 en le auditorio Jorge Roa Mart\u00ednez de la Universidad Tecnol\u00f3gica de Pereira, los deportistas que participar\u00e1n de los XXVIII Juegos Universitarios Nacionales Ascun, recibieron la Bandera Institucional y los uniformes.<\/p>\n\n\n\n<p><span class=\"post-content__span\"> La vicerrectora de Responsabilidad Social y Bienestar Universitario, Diana Patricia G\u00f3mez Botero, hizo entrega de la&nbsp;Bandera&nbsp;Institucional y los uniformes a los selectivos deportivos que representar\u00e1n la UTP en los XXVIII Juegos Universitarios Nacionales Ascun.<\/p>\n\n\n\n<p><span class=\"post-content__span\"> Son 108 deportistas y 17 entrenadores&nbsp;los que viajar\u00e1n a partir de hoy a la ciudad de Barranquilla, para participar representando a la Universidad Tecnol\u00f3gica de Pereira en 13 disciplinas.<\/p>\n\n\n\n<p><span class=\"post-content__span\"> \u201cPara la Vicerrector\u00eda de Responsabilidad Social y Bienestar Universitario este es uno de los grandes eventos de la UTP, hacer entrega de la Bandera Institucional, ya que ustedes representar\u00e1n a la Universidad. Ustedes deben ser integrales, ser\u00e1n profesionales con el sello UTP, \u00e9ticos y comprometidos con el medio ambiente. Primero todos debemos ser buenos seres humanos con alto grado de ciudadan\u00eda y formaci\u00f3n integral para dejar en alto el nombre de la instituci\u00f3n\u201d expres\u00f3, Diana Patricia G\u00f3mez, Vicerrectora de Responsabilidad Social y Bienestar Universitario.<\/p>\n\n\n\n<p><span class=\"post-content__span\"> \u201cLa Universidad ha hecho un esfuerzo grand\u00edsimo&nbsp;para que los estudiantes puedan tener los uniformes de presentaci\u00f3n, e igualmente los de competencia, que ya est\u00e1n siendo entregados de acuerdo al orden de salida de las diferentes disciplinas, hizo tambi\u00e9n una gran inversi\u00f3n en materia de telas, ya que vamos para una ciudad con una temperatura muy alta y obviamente&nbsp;ten\u00edamos que pensar no s\u00f3lo que los uniformes de presentaci\u00f3n y de competencia fueran aptos para que los chicos puedan estar c\u00f3modos, sino que tambi\u00e9n fuera el material m\u00e1s adecuado para la competencia\u201d explic\u00f3 Claudia Morales, Administradora de escenarios deportivos de la UTP.<\/p>\n\n\n\n<p><span class=\"post-content__span\"> En el marco de este importante evento se realiz\u00f3 la exaltaci\u00f3n de estos deportistas, que participar\u00e1n de los encuentros deportivos representando a la Universidad Tecnol\u00f3gica de Pereira.<\/p>\n\n\n\n<p><span class=\"post-content__span\"> <strong><a href=\"https:\/\/photos.app.goo.gl\/hsA7183siFct9mDu6\" target=\"_blank\" rel=\"noreferrer noopener\">Ver todas las fotograf\u00edas del evento.&nbsp;<\/a><\/strong><\/p>\n\n\n\n<figure class=\"wp-block-image\"><img decoding=\"async\" src=\"https:\/\/comunicaciones.utp.edu.co\/wp-content\/uploads\/sites\/2\/entrega-uniformes-y-bandera-estudiantes-juegos-22.jpg\" alt=\"\"\/><\/figure>\n\n\n\n<figure class=\"wp-block-image\"><img decoding=\"async\" src=\"https:\/\/comunicaciones.utp.edu.co\/wp-content\/uploads\/sites\/2\/entrega-uniformes-y-bandera-estudiantes-juegos-15.jpg\" alt=\"\"\/><\/figure>\n\n\n\n<figure class=\"wp-block-image\"><img decoding=\"async\" src=\"https:\/\/comunicaciones.utp.edu.co\/wp-content\/uploads\/sites\/2\/entrega-uniformes-y-bandera-estudiantes-juegos-7.jpg\" alt=\"\"\/><\/figure>\n","protected":false},"excerpt":{"rendered":"<p>Deportistas recibieron uniformes y bandera UTP En un acto que se cumpli\u00f3 en le auditorio Jorge Roa Mart\u00ednez de la [&hellip;]<\/p>\n","protected":false},"author":0,"featured_media":60471,"comment_status":"closed","ping_status":"closed","sticky":false,"template":"","format":"standard","meta":{"footnotes":""},"categories":[3],"tags":[],"class_list":["post-6311","post","type-post","status-publish","format-standard","has-post-thumbnail","hentry","category-noticias"],"_links":{"self":[{"href":"https:\/\/vicerrectorias.utp.edu.co\/responsabilidad-social\/wp-json\/wp\/v2\/posts\/6311","targetHints":{"allow":["GET"]}}],"collection":[{"href":"https:\/\/vicerrectorias.utp.edu.co\/responsabilidad-social\/wp-json\/wp\/v2\/posts"}],"about":[{"href":"https:\/\/vicerrectorias.utp.edu.co\/responsabilidad-social\/wp-json\/wp\/v2\/types\/post"}],"replies":[{"embeddable":true,"href":"https:\/\/vicerrectorias.utp.edu.co\/responsabilidad-social\/wp-json\/wp\/v2\/comments?post=6311"}],"version-history":[{"count":2,"href":"https:\/\/vicerrectorias.utp.edu.co\/responsabilidad-social\/wp-json\/wp\/v2\/posts\/6311\/revisions"}],"predecessor-version":[{"id":60923,"href":"https:\/\/vicerrectorias.utp.edu.co\/responsabilidad-social\/wp-json\/wp\/v2\/posts\/6311\/revisions\/60923"}],"wp:featuredmedia":[{"embeddable":true,"href":"https:\/\/vicerrectorias.utp.edu.co\/responsabilidad-social\/wp-json\/wp\/v2\/media\/60471"}],"wp:attachment":[{"href":"https:\/\/vicerrectorias.utp.edu.co\/responsabilidad-social\/wp-json\/wp\/v2\/media?parent=6311"}],"wp:term":[{"taxonomy":"category","embeddable":true,"href":"https:\/\/vicerrectorias.utp.edu.co\/responsabilidad-social\/wp-json\/wp\/v2\/categories?post=6311"},{"taxonomy":"post_tag","embeddable":true,"href":"https:\/\/vicerrectorias.utp.edu.co\/responsabilidad-social\/wp-json\/wp\/v2\/tags?post=6311"}],"curies":[{"name":"wp","href":"https:\/\/api.w.org\/{rel}","templated":true}]}}