{"id":63044,"date":"2025-05-06T19:55:01","date_gmt":"2025-05-06T17:55:01","guid":{"rendered":"https:\/\/vicerrectorias.utp.edu.co\/responsabilidad-social\/?p=63044"},"modified":"2025-05-06T22:34:59","modified_gmt":"2025-05-06T20:34:59","slug":"revolucionamos-para-las-nuevas-generaciones","status":"publish","type":"post","link":"https:\/\/vicerrectorias.utp.edu.co\/responsabilidad-social\/revolucionamos-para-las-nuevas-generaciones\/","title":{"rendered":"Revolucionamos para las nuevas generaciones"},"content":{"rendered":"\n<p><span class=\"post-content__span\"> Desde la VRSYBU se invita a la comunidad UTP a participar de la charla virtual sobre el sistema general de pensiones y su impacto en la juventud. Colpensiones es la entidad p\u00fablica encargada de administrar el R\u00e9gimen de Prima Media (RPM) en Colombia, uno de los dos principales sistemas de pensiones del pa\u00eds. En este r\u00e9gimen, los aportes de los trabajadores activos se utilizan para financiar las pensiones de quienes ya est\u00e1n retirados, es decir, funciona bajo un sistema de reparto intergeneracional.&nbsp;Para acceder a una pensi\u00f3n con Colpensiones, se requiere cumplir dos condiciones principales: haber cotizado al menos 1.300 semanas (aproximadamente 26 a\u00f1os) y tener la edad m\u00ednima de 57 a\u00f1os para mujeres o 62 a\u00f1os para hombres<\/p>\n\n\n\n<h2 class=\"wp-block-heading\" id=\"por-qu-es-importante-pensar-en-colpensiones-para-e\">\u00bfPor qu\u00e9 es importante pensar en Colpensiones para el futuro?<\/h2>\n\n\n\n<p><span class=\"post-content__span\"> <\/p>\n\n\n\n<ul class=\"wp-block-list\">\n<li><strong>Seguridad econ\u00f3mica en la vejez:<\/strong>&nbsp;Cotizar en Colpensiones te da derecho a una pensi\u00f3n de vejez, que asegura ingresos estables al retirarte, adem\u00e1s de protecci\u00f3n en caso de invalidez o fallecimiento (pensi\u00f3n de sobrevivientes para tus beneficiarios).<\/li>\n\n\n\n<li><strong>Programas para trabajadores informales y rurales:<\/strong>&nbsp;Existen alternativas como el programa BEPS (Beneficios Econ\u00f3micos Peri\u00f3dicos) y la Renta B\u00e1sica del Pilar Solidario, que permiten a personas con ingresos variables o estacionales ahorrar de forma flexible y recibir subsidios en su retiro.<\/li>\n\n\n\n<li><strong>Cobertura para colombianos en el exterior:<\/strong>&nbsp;Colpensiones ofrece facilidades para que quienes viven fuera del pa\u00eds sigan cotizando y accedan a su pensi\u00f3n desde cualquier lugar del mundo, incluso sumando tiempos cotizados en otros pa\u00edses gracias a convenios internacionales.<\/li>\n\n\n\n<li><strong>Reforma pensional:<\/strong>&nbsp;A partir de julio de 2025, la reforma pensional busca complementar el sistema p\u00fablico y privado, ampliando la cobertura y asegurando que m\u00e1s personas tengan acceso a una pensi\u00f3n, especialmente quienes han tenido empleos formales.<\/li>\n\n\n\n<li><strong>Protecci\u00f3n ante la informalidad:<\/strong>&nbsp;En un pa\u00eds donde muchos trabajan en la informalidad o tienen ingresos inestables, Colpensiones y sus programas asociados representan una herramienta clave para garantizar un ingreso en la vejez, evitando caer en pobreza extrema. <\/li>\n<\/ul>\n\n\n\n<p><span class=\"post-content__span\"> Pensar en Colpensiones y en la pensi\u00f3n desde temprano permite planificar el futuro y asegurar una mayor tranquilidad econ\u00f3mica y social para ti y tu familia.<\/p>\n\n\n\n<p><span class=\"post-content__span\"> Fecha: 14 y 15 de Mayo<\/p>\n\n\n\n<p><span class=\"post-content__span\"> Hora: 3:00 p.m.<\/p>\n\n\n\n<p><span class=\"post-content__span\"> Link: https:\/\/teams.microsoft.com\/l\/meetup-join\/19%3ameeting_YWQyYmQzOTYtZTAzMS00ZjIxLWJjZDQtMjhhZGRjMTU4MDBh%40thread.v2\/0?context=%7b%22Tid%22%3a%22ef86174e-2ea7-414e-8857-c1f79e5d83c7%22%2c%22Oid%22%3a%22fd233ed2-0bd3-42f5-bab8-23c463c08bd7%22%7d <\/p>\n\n\n<div class=\"wp-block-image\">\n<figure class=\"aligncenter size-large is-resized\"><img loading=\"lazy\" decoding=\"async\" width=\"570\" height=\"1024\" src=\"https:\/\/vicerrectorias.utp.edu.co\/responsabilidad-social\/wp-content\/uploads\/sites\/12\/WhatsApp-Image-2025-05-06-at-12.34.09-2-570x1024.jpeg\" alt=\"\" class=\"wp-image-63052\" style=\"width:616px;height:auto\" srcset=\"https:\/\/vicerrectorias.utp.edu.co\/responsabilidad-social\/wp-content\/uploads\/sites\/12\/WhatsApp-Image-2025-05-06-at-12.34.09-2-570x1024.jpeg 570w, https:\/\/vicerrectorias.utp.edu.co\/responsabilidad-social\/wp-content\/uploads\/sites\/12\/WhatsApp-Image-2025-05-06-at-12.34.09-2-167x300.jpeg 167w, https:\/\/vicerrectorias.utp.edu.co\/responsabilidad-social\/wp-content\/uploads\/sites\/12\/WhatsApp-Image-2025-05-06-at-12.34.09-2-768x1381.jpeg 768w, https:\/\/vicerrectorias.utp.edu.co\/responsabilidad-social\/wp-content\/uploads\/sites\/12\/WhatsApp-Image-2025-05-06-at-12.34.09-2-854x1536.jpeg 854w, https:\/\/vicerrectorias.utp.edu.co\/responsabilidad-social\/wp-content\/uploads\/sites\/12\/WhatsApp-Image-2025-05-06-at-12.34.09-2.jpeg 890w\" sizes=\"auto, (max-width: 570px) 100vw, 570px\" \/><\/figure>\n<\/div>\n\n\n<div style=\"height:44px\" aria-hidden=\"true\" class=\"wp-block-spacer\"><\/div>\n\n\n\n<div class=\"wp-block-buttons is-content-justification-center is-layout-flex wp-container-core-buttons-is-layout-16018d1d wp-block-buttons-is-layout-flex\">\n<div class=\"wp-block-button\"><a class=\"wp-block-button__link has-luminous-dusk-gradient-background has-background wp-element-button\" href=\"https:\/\/www.instagram.com\/bienestarutp\/?hl=es\"><img loading=\"lazy\" decoding=\"async\" width=\"250\" height=\"250\" class=\"wp-image-61599\" style=\"width: 30px\" src=\"https:\/\/vicerrectorias.utp.edu.co\/responsabilidad-social\/wp-content\/uploads\/sites\/12\/Instagram_logo_2022.svg_-3.png\" alt=\"\" srcset=\"https:\/\/vicerrectorias.utp.edu.co\/responsabilidad-social\/wp-content\/uploads\/sites\/12\/Instagram_logo_2022.svg_-3.png 250w, https:\/\/vicerrectorias.utp.edu.co\/responsabilidad-social\/wp-content\/uploads\/sites\/12\/Instagram_logo_2022.svg_-3-150x150.png 150w\" sizes=\"auto, (max-width: 250px) 100vw, 250px\" \/><\/a><\/div>\n\n\n\n<div class=\"wp-block-button\"><a class=\"wp-block-button__link has-vivid-cyan-blue-background-color has-background wp-element-button\" href=\"https:\/\/www.facebook.com\/UTPresponsable?locale=es_LA\"><img loading=\"lazy\" decoding=\"async\" width=\"1280\" height=\"1280\" class=\"wp-image-61600\" style=\"width: 30px\" src=\"https:\/\/vicerrectorias.utp.edu.co\/responsabilidad-social\/wp-content\/uploads\/sites\/12\/facebook-6338507_1280-3.webp\" alt=\"\" srcset=\"https:\/\/vicerrectorias.utp.edu.co\/responsabilidad-social\/wp-content\/uploads\/sites\/12\/facebook-6338507_1280-3.webp 1280w, https:\/\/vicerrectorias.utp.edu.co\/responsabilidad-social\/wp-content\/uploads\/sites\/12\/facebook-6338507_1280-3-300x300.webp 300w, https:\/\/vicerrectorias.utp.edu.co\/responsabilidad-social\/wp-content\/uploads\/sites\/12\/facebook-6338507_1280-3-1024x1024.webp 1024w, https:\/\/vicerrectorias.utp.edu.co\/responsabilidad-social\/wp-content\/uploads\/sites\/12\/facebook-6338507_1280-3-150x150.webp 150w, https:\/\/vicerrectorias.utp.edu.co\/responsabilidad-social\/wp-content\/uploads\/sites\/12\/facebook-6338507_1280-3-768x768.webp 768w\" sizes=\"auto, (max-width: 1280px) 100vw, 1280px\" \/><\/a><\/div>\n\n\n\n<div class=\"wp-block-button\"><a class=\"wp-block-button__link has-black-background-color has-background wp-element-button\" href=\"https:\/\/open.spotify.com\/show\/1TbIZzsXs5yPvRtepjrZFS?si=96b6ac86d204468f\"><img loading=\"lazy\" decoding=\"async\" width=\"225\" height=\"225\" class=\"wp-image-62097\" style=\"width: 30px\" src=\"https:\/\/vicerrectorias.utp.edu.co\/responsabilidad-social\/wp-content\/uploads\/sites\/12\/spotify.png.1.png\" alt=\"\" srcset=\"https:\/\/vicerrectorias.utp.edu.co\/responsabilidad-social\/wp-content\/uploads\/sites\/12\/spotify.png.1.png 225w, https:\/\/vicerrectorias.utp.edu.co\/responsabilidad-social\/wp-content\/uploads\/sites\/12\/spotify.png.1-150x150.png 150w\" sizes=\"auto, (max-width: 225px) 100vw, 225px\" \/><\/a><\/div>\n\n\n\n<div class=\"wp-block-button\"><a class=\"wp-block-button__link has-black-background-color has-background has-text-align-center wp-element-button\" href=\"https:\/\/www.tiktok.com\/@viveelbienestar\"><img loading=\"lazy\" decoding=\"async\" width=\"512\" height=\"512\" class=\"wp-image-62095\" style=\"width: 30px\" src=\"https:\/\/vicerrectorias.utp.edu.co\/responsabilidad-social\/wp-content\/uploads\/sites\/12\/tiktok.png\" alt=\"\" srcset=\"https:\/\/vicerrectorias.utp.edu.co\/responsabilidad-social\/wp-content\/uploads\/sites\/12\/tiktok.png 512w, https:\/\/vicerrectorias.utp.edu.co\/responsabilidad-social\/wp-content\/uploads\/sites\/12\/tiktok-300x300.png 300w, https:\/\/vicerrectorias.utp.edu.co\/responsabilidad-social\/wp-content\/uploads\/sites\/12\/tiktok-150x150.png 150w\" sizes=\"auto, (max-width: 512px) 100vw, 512px\" \/><\/a><\/div>\n<\/div>\n","protected":false},"excerpt":{"rendered":"<p>Desde la VRSYBU se invita a la comunidad UTP a participar de la charla virtual sobre el sistema general de [&hellip;]<\/p>\n","protected":false},"author":24,"featured_media":63045,"comment_status":"open","ping_status":"open","sticky":false,"template":"","format":"standard","meta":{"footnotes":""},"categories":[3],"tags":[],"class_list":["post-63044","post","type-post","status-publish","format-standard","has-post-thumbnail","hentry","category-noticias"],"_links":{"self":[{"href":"https:\/\/vicerrectorias.utp.edu.co\/responsabilidad-social\/wp-json\/wp\/v2\/posts\/63044","targetHints":{"allow":["GET"]}}],"collection":[{"href":"https:\/\/vicerrectorias.utp.edu.co\/responsabilidad-social\/wp-json\/wp\/v2\/posts"}],"about":[{"href":"https:\/\/vicerrectorias.utp.edu.co\/responsabilidad-social\/wp-json\/wp\/v2\/types\/post"}],"author":[{"embeddable":true,"href":"https:\/\/vicerrectorias.utp.edu.co\/responsabilidad-social\/wp-json\/wp\/v2\/users\/24"}],"replies":[{"embeddable":true,"href":"https:\/\/vicerrectorias.utp.edu.co\/responsabilidad-social\/wp-json\/wp\/v2\/comments?post=63044"}],"version-history":[{"count":6,"href":"https:\/\/vicerrectorias.utp.edu.co\/responsabilidad-social\/wp-json\/wp\/v2\/posts\/63044\/revisions"}],"predecessor-version":[{"id":63053,"href":"https:\/\/vicerrectorias.utp.edu.co\/responsabilidad-social\/wp-json\/wp\/v2\/posts\/63044\/revisions\/63053"}],"wp:featuredmedia":[{"embeddable":true,"href":"https:\/\/vicerrectorias.utp.edu.co\/responsabilidad-social\/wp-json\/wp\/v2\/media\/63045"}],"wp:attachment":[{"href":"https:\/\/vicerrectorias.utp.edu.co\/responsabilidad-social\/wp-json\/wp\/v2\/media?parent=63044"}],"wp:term":[{"taxonomy":"category","embeddable":true,"href":"https:\/\/vicerrectorias.utp.edu.co\/responsabilidad-social\/wp-json\/wp\/v2\/categories?post=63044"},{"taxonomy":"post_tag","embeddable":true,"href":"https:\/\/vicerrectorias.utp.edu.co\/responsabilidad-social\/wp-json\/wp\/v2\/tags?post=63044"}],"curies":[{"name":"wp","href":"https:\/\/api.w.org\/{rel}","templated":true}]}}