{"id":62974,"date":"2025-04-29T20:39:52","date_gmt":"2025-04-29T18:39:52","guid":{"rendered":"https:\/\/vicerrectorias.utp.edu.co\/responsabilidad-social\/?p=62974"},"modified":"2025-04-30T00:41:10","modified_gmt":"2025-04-29T22:41:10","slug":"lanzamiento-de-agora-vital-espacio-de-encuentro-y-bienestar","status":"publish","type":"post","link":"https:\/\/vicerrectorias.utp.edu.co\/responsabilidad-social\/lanzamiento-de-agora-vital-espacio-de-encuentro-y-bienestar\/","title":{"rendered":"\u00c1gora Vital: Un Espacio para Conectar, Aprender y Disfrutar"},"content":{"rendered":"\n<div class=\"wp-block-columns is-layout-flex wp-container-core-columns-is-layout-9d6595d7 wp-block-columns-is-layout-flex\">\n<div class=\"wp-block-column is-layout-flow wp-block-column-is-layout-flow\">\n<p><span class=\"post-content__span\"> La Facultad de Ciencias de la Salud, en alianza con la Vicerrector\u00eda de Responsabilidad Social y Bienestar Universitario, se complace en anunciar la inauguraci\u00f3n oficial de <strong>\u00c1gora Vital<\/strong>, un espacio acogedor, multifuncional y dise\u00f1ado con el coraz\u00f3n para satisfacer las diversas necesidades de la comunidad universitaria.<\/p>\n\n\n\n<p><span class=\"post-content__span\"> Ubicado en el <strong>Edificio 17<\/strong>, \u00c1gora Vital es mucho m\u00e1s que un lugar funcional: es un s\u00edmbolo del cuidado, la comunidad y el sentido de pertenencia que la universidad promueve como parte de su pol\u00edtica institucional de bienestar. Este nuevo punto de encuentro representa el compromiso de la universidad con el bienestar integral como eje fundamental de la experiencia acad\u00e9mica.<\/p>\n\n\n\n<p><span class=\"post-content__span\"> Gracias al trabajo articulado entre la Vicerrectora de Bienestar Universitario, <strong>Yetsika Villa Montes<\/strong>, y el Decano de la Facultad de Ciencias de la Salud, <strong>Dr. Giovanni Garc\u00eda Castro<\/strong>, este espacio fue entregado oficialmente como una apuesta por una vida universitaria m\u00e1s humana, acogedora y equilibrada.<\/p>\n<\/div>\n\n\n\n<div class=\"wp-block-column is-layout-flow wp-block-column-is-layout-flow\">\n<figure class=\"wp-block-image size-large\"><img loading=\"lazy\" decoding=\"async\" width=\"598\" height=\"1024\" src=\"https:\/\/vicerrectorias.utp.edu.co\/responsabilidad-social\/wp-content\/uploads\/sites\/12\/WhatsApp-Image-2025-04-29-at-1.24.23-PM-598x1024.jpeg\" alt=\"\" class=\"wp-image-62975\" srcset=\"https:\/\/vicerrectorias.utp.edu.co\/responsabilidad-social\/wp-content\/uploads\/sites\/12\/WhatsApp-Image-2025-04-29-at-1.24.23-PM-598x1024.jpeg 598w, https:\/\/vicerrectorias.utp.edu.co\/responsabilidad-social\/wp-content\/uploads\/sites\/12\/WhatsApp-Image-2025-04-29-at-1.24.23-PM-175x300.jpeg 175w, https:\/\/vicerrectorias.utp.edu.co\/responsabilidad-social\/wp-content\/uploads\/sites\/12\/WhatsApp-Image-2025-04-29-at-1.24.23-PM-768x1314.jpeg 768w, https:\/\/vicerrectorias.utp.edu.co\/responsabilidad-social\/wp-content\/uploads\/sites\/12\/WhatsApp-Image-2025-04-29-at-1.24.23-PM-898x1536.jpeg 898w, https:\/\/vicerrectorias.utp.edu.co\/responsabilidad-social\/wp-content\/uploads\/sites\/12\/WhatsApp-Image-2025-04-29-at-1.24.23-PM.jpeg 935w\" sizes=\"auto, (max-width: 598px) 100vw, 598px\" \/><\/figure>\n<\/div>\n<\/div>\n\n\n\n<div class=\"wp-block-columns is-layout-flex wp-container-core-columns-is-layout-9d6595d7 wp-block-columns-is-layout-flex\">\n<div class=\"wp-block-column is-layout-flow wp-block-column-is-layout-flow\">\n<p><span class=\"post-content__span\"> <strong>\u00bfQu\u00e9 encontrar\u00e1s en \u00c1gora Vital?<\/strong><\/p>\n\n\n\n<ul class=\"wp-block-list\">\n<li>Un lugar para compartir momentos con amigos y colegas, fomentando la conexi\u00f3n y la colaboraci\u00f3n.<\/li>\n\n\n\n<li>\u00c1reas tranquilas y productivas para estudiar y trabajar, pensadas para impulsar la creatividad y el aprendizaje.<\/li>\n\n\n\n<li>Actividades de entretenimiento, talleres y sesiones de relajaci\u00f3n que promuevan el bienestar y el descanso.<\/li>\n\n\n\n<li>Un entorno flexible, adaptable y dise\u00f1ado para reconectar contigo mismo y con los dem\u00e1s.<\/li>\n<\/ul>\n\n\n\n<p><span class=\"post-content__span\"> <strong>\u00c1gora Vital<\/strong> es un espacio pensado para ti, para que encuentres el equilibrio entre el estudio, el trabajo y el descanso, y te sientas parte de una comunidad viva, comprometida y en constante crecimiento.<\/p>\n\n\n\n<p><span class=\"post-content__span\"> \u00a1Te esperamos en \u00c1gora Vital!<br><strong>Ubicaci\u00f3n: Edificio 17<\/strong><\/p>\n<\/div>\n<\/div>\n\n\n\n<div style=\"height:30px\" aria-hidden=\"true\" class=\"wp-block-spacer\"><\/div>\n\n\n\n<hr class=\"wp-block-separator has-alpha-channel-opacity\" \/>\n\n\n\n<div style=\"height:31px\" aria-hidden=\"true\" class=\"wp-block-spacer\"><\/div>\n\n\n\n<div class=\"wp-block-buttons is-content-justification-center is-layout-flex wp-container-core-buttons-is-layout-16018d1d wp-block-buttons-is-layout-flex\">\n<div class=\"wp-block-button\"><a class=\"wp-block-button__link has-luminous-dusk-gradient-background has-background wp-element-button\" href=\"https:\/\/www.instagram.com\/bienestarutp\/?hl=es\"><img loading=\"lazy\" decoding=\"async\" width=\"250\" height=\"250\" class=\"wp-image-61599\" style=\"width: 30px\" src=\"https:\/\/vicerrectorias.utp.edu.co\/responsabilidad-social\/wp-content\/uploads\/sites\/12\/Instagram_logo_2022.svg_-3.png\" alt=\"\" srcset=\"https:\/\/vicerrectorias.utp.edu.co\/responsabilidad-social\/wp-content\/uploads\/sites\/12\/Instagram_logo_2022.svg_-3.png 250w, https:\/\/vicerrectorias.utp.edu.co\/responsabilidad-social\/wp-content\/uploads\/sites\/12\/Instagram_logo_2022.svg_-3-150x150.png 150w\" sizes=\"auto, (max-width: 250px) 100vw, 250px\" \/><\/a><\/div>\n\n\n\n<div class=\"wp-block-button\"><a class=\"wp-block-button__link has-vivid-cyan-blue-background-color has-background wp-element-button\" href=\"https:\/\/www.facebook.com\/UTPresponsable?locale=es_LA\"><img loading=\"lazy\" decoding=\"async\" width=\"1280\" height=\"1280\" class=\"wp-image-61600\" style=\"width: 30px\" src=\"https:\/\/vicerrectorias.utp.edu.co\/responsabilidad-social\/wp-content\/uploads\/sites\/12\/facebook-6338507_1280-3.webp\" alt=\"\" srcset=\"https:\/\/vicerrectorias.utp.edu.co\/responsabilidad-social\/wp-content\/uploads\/sites\/12\/facebook-6338507_1280-3.webp 1280w, https:\/\/vicerrectorias.utp.edu.co\/responsabilidad-social\/wp-content\/uploads\/sites\/12\/facebook-6338507_1280-3-300x300.webp 300w, https:\/\/vicerrectorias.utp.edu.co\/responsabilidad-social\/wp-content\/uploads\/sites\/12\/facebook-6338507_1280-3-1024x1024.webp 1024w, https:\/\/vicerrectorias.utp.edu.co\/responsabilidad-social\/wp-content\/uploads\/sites\/12\/facebook-6338507_1280-3-150x150.webp 150w, https:\/\/vicerrectorias.utp.edu.co\/responsabilidad-social\/wp-content\/uploads\/sites\/12\/facebook-6338507_1280-3-768x768.webp 768w\" sizes=\"auto, (max-width: 1280px) 100vw, 1280px\" \/><\/a><\/div>\n\n\n\n<div class=\"wp-block-button\"><a class=\"wp-block-button__link has-black-background-color has-background wp-element-button\" href=\"https:\/\/open.spotify.com\/show\/1TbIZzsXs5yPvRtepjrZFS?si=96b6ac86d204468f\"><img loading=\"lazy\" decoding=\"async\" width=\"225\" height=\"225\" class=\"wp-image-62097\" style=\"width: 30px\" src=\"https:\/\/vicerrectorias.utp.edu.co\/responsabilidad-social\/wp-content\/uploads\/sites\/12\/spotify.png.1.png\" alt=\"\" srcset=\"https:\/\/vicerrectorias.utp.edu.co\/responsabilidad-social\/wp-content\/uploads\/sites\/12\/spotify.png.1.png 225w, https:\/\/vicerrectorias.utp.edu.co\/responsabilidad-social\/wp-content\/uploads\/sites\/12\/spotify.png.1-150x150.png 150w\" sizes=\"auto, (max-width: 225px) 100vw, 225px\" \/><\/a><\/div>\n\n\n\n<div class=\"wp-block-button\"><a class=\"wp-block-button__link has-black-background-color has-background wp-element-button\" href=\"https:\/\/www.tiktok.com\/@viveelbienestar\"><img loading=\"lazy\" decoding=\"async\" width=\"512\" height=\"512\" class=\"wp-image-62095\" style=\"width: 30px\" src=\"https:\/\/vicerrectorias.utp.edu.co\/responsabilidad-social\/wp-content\/uploads\/sites\/12\/tiktok.png\" alt=\"\" srcset=\"https:\/\/vicerrectorias.utp.edu.co\/responsabilidad-social\/wp-content\/uploads\/sites\/12\/tiktok.png 512w, https:\/\/vicerrectorias.utp.edu.co\/responsabilidad-social\/wp-content\/uploads\/sites\/12\/tiktok-300x300.png 300w, https:\/\/vicerrectorias.utp.edu.co\/responsabilidad-social\/wp-content\/uploads\/sites\/12\/tiktok-150x150.png 150w\" sizes=\"auto, (max-width: 512px) 100vw, 512px\" \/><\/a><\/div>\n<\/div>\n","protected":false},"excerpt":{"rendered":"<p>La Facultad de Ciencias de la Salud, en alianza con la Vicerrector\u00eda de Responsabilidad Social y Bienestar Universitario, se complace [&hellip;]<\/p>\n","protected":false},"author":22,"featured_media":62975,"comment_status":"open","ping_status":"open","sticky":false,"template":"","format":"standard","meta":{"footnotes":""},"categories":[3],"tags":[],"class_list":["post-62974","post","type-post","status-publish","format-standard","has-post-thumbnail","hentry","category-noticias"],"_links":{"self":[{"href":"https:\/\/vicerrectorias.utp.edu.co\/responsabilidad-social\/wp-json\/wp\/v2\/posts\/62974","targetHints":{"allow":["GET"]}}],"collection":[{"href":"https:\/\/vicerrectorias.utp.edu.co\/responsabilidad-social\/wp-json\/wp\/v2\/posts"}],"about":[{"href":"https:\/\/vicerrectorias.utp.edu.co\/responsabilidad-social\/wp-json\/wp\/v2\/types\/post"}],"author":[{"embeddable":true,"href":"https:\/\/vicerrectorias.utp.edu.co\/responsabilidad-social\/wp-json\/wp\/v2\/users\/22"}],"replies":[{"embeddable":true,"href":"https:\/\/vicerrectorias.utp.edu.co\/responsabilidad-social\/wp-json\/wp\/v2\/comments?post=62974"}],"version-history":[{"count":3,"href":"https:\/\/vicerrectorias.utp.edu.co\/responsabilidad-social\/wp-json\/wp\/v2\/posts\/62974\/revisions"}],"predecessor-version":[{"id":62980,"href":"https:\/\/vicerrectorias.utp.edu.co\/responsabilidad-social\/wp-json\/wp\/v2\/posts\/62974\/revisions\/62980"}],"wp:featuredmedia":[{"embeddable":true,"href":"https:\/\/vicerrectorias.utp.edu.co\/responsabilidad-social\/wp-json\/wp\/v2\/media\/62975"}],"wp:attachment":[{"href":"https:\/\/vicerrectorias.utp.edu.co\/responsabilidad-social\/wp-json\/wp\/v2\/media?parent=62974"}],"wp:term":[{"taxonomy":"category","embeddable":true,"href":"https:\/\/vicerrectorias.utp.edu.co\/responsabilidad-social\/wp-json\/wp\/v2\/categories?post=62974"},{"taxonomy":"post_tag","embeddable":true,"href":"https:\/\/vicerrectorias.utp.edu.co\/responsabilidad-social\/wp-json\/wp\/v2\/tags?post=62974"}],"curies":[{"name":"wp","href":"https:\/\/api.w.org\/{rel}","templated":true}]}}