{"id":6291,"date":"2019-09-11T11:51:24","date_gmt":"2019-09-11T09:51:24","guid":{"rendered":""},"modified":"2024-08-15T14:44:44","modified_gmt":"2024-08-15T12:44:44","slug":"avances-en-los-acuerdos-de-la-mesa-de-negociacion","status":"publish","type":"post","link":"https:\/\/vicerrectorias.utp.edu.co\/responsabilidad-social\/avances-en-los-acuerdos-de-la-mesa-de-negociacion\/","title":{"rendered":"Avances en los acuerdos de la Mesa de Negociaci\u00f3n"},"content":{"rendered":"\n<p><span class=\"post-content__span\"> Invitaci\u00f3n Presentaci\u00f3n de Avances en los acuerdos de la Mesa de Negociaci\u00f3n Nacional \u201cPacto por la Educaci\u00f3n Superior\u201d<\/p>\n\n\n\n<p><span class=\"post-content__span\"> <img decoding=\"async\" src=\"https:\/\/comunicaciones.utp.edu.co\/wp-content\/uploads\/sites\/2\/Invitacion-Presentacion-de-Avances-en-los-acuerdos-de-la-mesa-de-negociacion-nacional-Pacto-por-la-Educacion-Superior-minatura-.jpg\"><\/p>\n\n\n\n<p><span class=\"post-content__span\"> Se comparte invitaci\u00f3n a la Presentaci\u00f3n de Avances en los acuerdos de la mesa de negociaci\u00f3n nacional \u201cPacto por la Educaci\u00f3n Superior\u201d, que tendr\u00e1n lugar hoy 11 de septiembre de 2019 a las 4:00 p.m. en el Auditorio Jorge Roa Mart\u00ednez del edificio 9.<\/p>\n\n\n\n<figure class=\"wp-block-image\"><img decoding=\"async\" src=\"https:\/\/comunicaciones.utp.edu.co\/wp-content\/uploads\/sites\/2\/Invitacion-Presentacion-de-Avances-en-los-acuerdos-de-la-mesa-de-negociacion-nacional-Pacto-por-la-Educacion-Superior-.jpg\" alt=\"\"\/><\/figure>\n","protected":false},"excerpt":{"rendered":"<p>Invitaci\u00f3n Presentaci\u00f3n de Avances en los acuerdos de la Mesa de Negociaci\u00f3n Nacional \u201cPacto por la Educaci\u00f3n Superior\u201d Se comparte [&hellip;]<\/p>\n","protected":false},"author":0,"featured_media":60472,"comment_status":"closed","ping_status":"closed","sticky":false,"template":"","format":"standard","meta":{"footnotes":""},"categories":[3],"tags":[],"class_list":["post-6291","post","type-post","status-publish","format-standard","has-post-thumbnail","hentry","category-noticias"],"_links":{"self":[{"href":"https:\/\/vicerrectorias.utp.edu.co\/responsabilidad-social\/wp-json\/wp\/v2\/posts\/6291","targetHints":{"allow":["GET"]}}],"collection":[{"href":"https:\/\/vicerrectorias.utp.edu.co\/responsabilidad-social\/wp-json\/wp\/v2\/posts"}],"about":[{"href":"https:\/\/vicerrectorias.utp.edu.co\/responsabilidad-social\/wp-json\/wp\/v2\/types\/post"}],"replies":[{"embeddable":true,"href":"https:\/\/vicerrectorias.utp.edu.co\/responsabilidad-social\/wp-json\/wp\/v2\/comments?post=6291"}],"version-history":[{"count":3,"href":"https:\/\/vicerrectorias.utp.edu.co\/responsabilidad-social\/wp-json\/wp\/v2\/posts\/6291\/revisions"}],"predecessor-version":[{"id":8991,"href":"https:\/\/vicerrectorias.utp.edu.co\/responsabilidad-social\/wp-json\/wp\/v2\/posts\/6291\/revisions\/8991"}],"wp:featuredmedia":[{"embeddable":true,"href":"https:\/\/vicerrectorias.utp.edu.co\/responsabilidad-social\/wp-json\/wp\/v2\/media\/60472"}],"wp:attachment":[{"href":"https:\/\/vicerrectorias.utp.edu.co\/responsabilidad-social\/wp-json\/wp\/v2\/media?parent=6291"}],"wp:term":[{"taxonomy":"category","embeddable":true,"href":"https:\/\/vicerrectorias.utp.edu.co\/responsabilidad-social\/wp-json\/wp\/v2\/categories?post=6291"},{"taxonomy":"post_tag","embeddable":true,"href":"https:\/\/vicerrectorias.utp.edu.co\/responsabilidad-social\/wp-json\/wp\/v2\/tags?post=6291"}],"curies":[{"name":"wp","href":"https:\/\/api.w.org\/{rel}","templated":true}]}}