{"id":62906,"date":"2025-05-02T20:32:05","date_gmt":"2025-05-02T18:32:05","guid":{"rendered":"https:\/\/vicerrectorias.utp.edu.co\/responsabilidad-social\/?p=62906"},"modified":"2025-05-02T21:57:59","modified_gmt":"2025-05-02T19:57:59","slug":"utp-refuerza-medidas-preventivas-contra-la-fiebre-amarilla-y-promueve-la-vacunacion-en-su-comunidad","status":"publish","type":"post","link":"https:\/\/vicerrectorias.utp.edu.co\/responsabilidad-social\/utp-refuerza-medidas-preventivas-contra-la-fiebre-amarilla-y-promueve-la-vacunacion-en-su-comunidad\/","title":{"rendered":"UTP refuerza medidas preventivas contra la fiebre amarilla y promueve la vacunaci\u00f3n en su comunidad"},"content":{"rendered":"\n<p><span class=\"post-content__span\"> <em>La Universidad Tecnol\u00f3gica de Pereira (UTP) fortalece sus acciones de promoci\u00f3n de la salud uni\u00e9ndose a las recomendaciones del Ministerio de Salud y Protecci\u00f3n Social frente a la prevenci\u00f3n de la fiebre amarilla, una enfermedad viral grave transmitida por mosquitos infectados del g\u00e9nero Aedes y Haemagogus.<\/em><\/p>\n\n\n\n<p><span class=\"post-content__span\"> Con el firme prop\u00f3sito de proteger el bienestar de estudiantes, docentes y personal administrativo, la instituci\u00f3n ha iniciado una campa\u00f1a informativa que resalta la importancia de la <strong>vacunaci\u00f3n<\/strong>, la <strong>protecci\u00f3n personal<\/strong> y el <strong>control de criaderos de mosquitos<\/strong> como pilares fundamentales para evitar el contagio.<\/p>\n\n\n\n<p><span class=\"post-content__span\"> <strong>La vacuna, principal barrera de protecci\u00f3n<\/strong><\/p>\n\n\n\n<p><span class=\"post-content__span\"> La <strong>vacuna contra la fiebre amarilla<\/strong> es altamente efectiva y segura, y representa la medida m\u00e1s importante para evitar la enfermedad, especialmente para quienes han estado o planean viajar a <strong>zonas de riesgo<\/strong> dentro o fuera del pa\u00eds.<\/p>\n\n\n\n<p><span class=\"post-content__span\"> La UTP hace un llamado a toda su comunidad a verificar su historial de vacunaci\u00f3n. Si no hay constancia de una dosis previa, se recomienda aplicarla con al menos <strong>10 d\u00edas de anticipaci\u00f3n<\/strong> antes de una posible exposici\u00f3n al virus.<\/p>\n\n\n\n<p><span class=\"post-content__span\"> No obstante, existen contraindicaciones importantes a tener en cuenta. <strong>No deben vacunarse<\/strong>:<\/p>\n\n\n\n<ul class=\"wp-block-list\">\n<li>Lactantes menores de 9 meses.<\/li>\n\n\n\n<li>Personas con alergias graves al huevo.<\/li>\n\n\n\n<li>Personas inmunosuprimidas.<\/li>\n\n\n\n<li>Adultos mayores de 60 a\u00f1os (excepto con indicaci\u00f3n m\u00e9dica).<\/li>\n\n\n\n<li>Mujeres embarazadas que no residan ni viajen a zonas de riesgo.<\/li>\n\n\n\n<li>Quienes ya hayan recibido una dosis en cualquier momento de su vida (salvo mayores de 60 a\u00f1os sin prueba de vacunaci\u00f3n previa).<\/li>\n<\/ul>\n\n\n\n<p><span class=\"post-content__span\"> <strong>&nbsp;Recomendaciones de protecci\u00f3n personal<\/strong><\/p>\n\n\n\n<p><span class=\"post-content__span\"> La vacunaci\u00f3n debe complementarse con medidas cotidianas que reduzcan el riesgo de picaduras, especialmente en \u00e1reas donde hay mayor presencia de mosquitos. Por ello, se recomienda:<\/p>\n\n\n\n<ul class=\"wp-block-list\">\n<li>Usar <strong>repelentes<\/strong> que contengan DEET o picaridina.<\/li>\n\n\n\n<li>Vestir <strong>ropa de manga larga y pantalones<\/strong> que cubran la piel.<\/li>\n\n\n\n<li>Utilizar <strong>calzado cerrado<\/strong>.<\/li>\n\n\n\n<li>Evitar la exposici\u00f3n en horarios de alta actividad de los mosquitos (amanecer y atardecer).<\/li>\n<\/ul>\n\n\n\n<p><span class=\"post-content__span\"> <strong>Eliminar criaderos: una responsabilidad colectiva<\/strong><\/p>\n\n\n\n<p><span class=\"post-content__span\"> La prevenci\u00f3n tambi\u00e9n comienza en casa y en el entorno universitario. La UTP hace \u00e9nfasis en la eliminaci\u00f3n de criaderos de mosquitos, especialmente aquellos generados por <strong>acumulaci\u00f3n de agua estancada<\/strong>.<\/p>\n\n\n\n<p><span class=\"post-content__span\"> La comunidad debe colaborar activamente con medidas como:<\/p>\n\n\n\n<ul class=\"wp-block-list\">\n<li>Vaciar y limpiar frecuentemente recipientes, platos de macetas y floreros.<\/li>\n\n\n\n<li>Cubrir dep\u00f3sitos de agua.<\/li>\n\n\n\n<li>Evitar dejar objetos al aire libre que puedan retener agua durante las lluvias.<\/li>\n<\/ul>\n\n\n\n<p><span class=\"post-content__span\"> <strong>Reconoce los s\u00edntomas y act\u00faa a tiempo<\/strong><\/p>\n\n\n\n<p><span class=\"post-content__span\"> Los <strong>s\u00edntomas iniciales<\/strong> de la fiebre amarilla pueden confundirse con otras enfermedades virales. Sin embargo, se deben tomar con seriedad si se ha estado recientemente en una zona end\u00e9mica. Entre los signos m\u00e1s comunes se encuentran:<\/p>\n\n\n\n<ul class=\"wp-block-list\">\n<li>Fiebre alta repentina<\/li>\n\n\n\n<li>Dolor muscular intenso (especialmente en la espalda)<\/li>\n\n\n\n<li>N\u00e1useas y v\u00f3mitos<\/li>\n\n\n\n<li>Fatiga y debilidad extrema<\/li>\n<\/ul>\n\n\n\n<p><span class=\"post-content__span\"> Ante la aparici\u00f3n de estos s\u00edntomas, se recomienda buscar <strong>atenci\u00f3n m\u00e9dica inmediata<\/strong> para una evaluaci\u00f3n oportuna y adecuada.<\/p>\n\n\n\n<p><span class=\"post-content__span\"> <strong>Para m<\/strong><strong>\u00e1<\/strong><strong>s informaci<\/strong><strong>\u00f3<\/strong><strong>n:<\/strong><\/p>\n\n\n\n<p><span class=\"post-content__span\"> La Vicerrector\u00eda de Responsabilidad Social y Bienestar Universitario invita a toda la comunidad universitaria a informarse a trav\u00e9s de canales oficiales como el <a href=\"https:\/\/www.minsalud.gov.co\">Ministerio de Salud y Protecci\u00f3n Social de Colombia<\/a>, y a mantenerse alerta frente a las recomendaciones que puedan emitirse seg\u00fan la evoluci\u00f3n del riesgo epidemiol\u00f3gico.<\/p>\n\n\n\n<div style=\"height:20px\" aria-hidden=\"true\" class=\"wp-block-spacer\"><\/div>\n\n\n\n<hr class=\"wp-block-separator has-alpha-channel-opacity\" \/>\n\n\n\n<div style=\"height:20px\" aria-hidden=\"true\" class=\"wp-block-spacer\"><\/div>\n\n\n<div class=\"wp-block-image\">\n<figure class=\"aligncenter size-large is-resized\"><img loading=\"lazy\" decoding=\"async\" width=\"576\" height=\"1024\" src=\"https:\/\/vicerrectorias.utp.edu.co\/responsabilidad-social\/wp-content\/uploads\/sites\/12\/Fiebre-Amarilla-576x1024.jpeg\" alt=\"\" class=\"wp-image-63003\" style=\"width:703px;height:auto\" \/><\/figure>\n<\/div>\n\n\n<div style=\"height:30px\" aria-hidden=\"true\" class=\"wp-block-spacer\"><\/div>\n\n\n\n<figure class=\"wp-block-image size-full\"><img loading=\"lazy\" decoding=\"async\" width=\"920\" height=\"613\" src=\"https:\/\/vicerrectorias.utp.edu.co\/responsabilidad-social\/wp-content\/uploads\/sites\/12\/image-45.png\" alt=\"\" class=\"wp-image-62907\" srcset=\"https:\/\/vicerrectorias.utp.edu.co\/responsabilidad-social\/wp-content\/uploads\/sites\/12\/image-45.png 920w, https:\/\/vicerrectorias.utp.edu.co\/responsabilidad-social\/wp-content\/uploads\/sites\/12\/image-45-300x200.png 300w, https:\/\/vicerrectorias.utp.edu.co\/responsabilidad-social\/wp-content\/uploads\/sites\/12\/image-45-768x512.png 768w\" sizes=\"auto, (max-width: 920px) 100vw, 920px\" \/><\/figure>\n\n\n\n<div style=\"height:20px\" aria-hidden=\"true\" class=\"wp-block-spacer\"><\/div>\n\n\n\n<div class=\"wp-block-buttons is-content-justification-center is-layout-flex wp-container-core-buttons-is-layout-16018d1d wp-block-buttons-is-layout-flex\">\n<div class=\"wp-block-button\"><a class=\"wp-block-button__link has-luminous-dusk-gradient-background has-background wp-element-button\" href=\"https:\/\/www.instagram.com\/bienestarutp\/?hl=es\"><img loading=\"lazy\" decoding=\"async\" width=\"250\" height=\"250\" class=\"wp-image-61599\" style=\"width: 30px\" src=\"https:\/\/vicerrectorias.utp.edu.co\/responsabilidad-social\/wp-content\/uploads\/sites\/12\/Instagram_logo_2022.svg_-3.png\" alt=\"\" srcset=\"https:\/\/vicerrectorias.utp.edu.co\/responsabilidad-social\/wp-content\/uploads\/sites\/12\/Instagram_logo_2022.svg_-3.png 250w, https:\/\/vicerrectorias.utp.edu.co\/responsabilidad-social\/wp-content\/uploads\/sites\/12\/Instagram_logo_2022.svg_-3-150x150.png 150w\" sizes=\"auto, (max-width: 250px) 100vw, 250px\" \/><\/a><\/div>\n\n\n\n<div class=\"wp-block-button\"><a class=\"wp-block-button__link has-vivid-cyan-blue-background-color has-background wp-element-button\" href=\"https:\/\/www.facebook.com\/UTPresponsable?locale=es_LA\"><img loading=\"lazy\" decoding=\"async\" width=\"1280\" height=\"1280\" class=\"wp-image-61600\" style=\"width: 30px\" src=\"https:\/\/vicerrectorias.utp.edu.co\/responsabilidad-social\/wp-content\/uploads\/sites\/12\/facebook-6338507_1280-3.webp\" alt=\"\" srcset=\"https:\/\/vicerrectorias.utp.edu.co\/responsabilidad-social\/wp-content\/uploads\/sites\/12\/facebook-6338507_1280-3.webp 1280w, https:\/\/vicerrectorias.utp.edu.co\/responsabilidad-social\/wp-content\/uploads\/sites\/12\/facebook-6338507_1280-3-300x300.webp 300w, https:\/\/vicerrectorias.utp.edu.co\/responsabilidad-social\/wp-content\/uploads\/sites\/12\/facebook-6338507_1280-3-1024x1024.webp 1024w, https:\/\/vicerrectorias.utp.edu.co\/responsabilidad-social\/wp-content\/uploads\/sites\/12\/facebook-6338507_1280-3-150x150.webp 150w, https:\/\/vicerrectorias.utp.edu.co\/responsabilidad-social\/wp-content\/uploads\/sites\/12\/facebook-6338507_1280-3-768x768.webp 768w\" sizes=\"auto, (max-width: 1280px) 100vw, 1280px\" \/><\/a><\/div>\n\n\n\n<div class=\"wp-block-button\"><a class=\"wp-block-button__link has-black-background-color has-background wp-element-button\" href=\"https:\/\/open.spotify.com\/show\/1TbIZzsXs5yPvRtepjrZFS?si=96b6ac86d204468f\"><img loading=\"lazy\" decoding=\"async\" width=\"225\" height=\"225\" class=\"wp-image-62097\" style=\"width: 30px\" src=\"https:\/\/vicerrectorias.utp.edu.co\/responsabilidad-social\/wp-content\/uploads\/sites\/12\/spotify.png.1.png\" alt=\"\" srcset=\"https:\/\/vicerrectorias.utp.edu.co\/responsabilidad-social\/wp-content\/uploads\/sites\/12\/spotify.png.1.png 225w, https:\/\/vicerrectorias.utp.edu.co\/responsabilidad-social\/wp-content\/uploads\/sites\/12\/spotify.png.1-150x150.png 150w\" sizes=\"auto, (max-width: 225px) 100vw, 225px\" \/><\/a><\/div>\n\n\n\n<div class=\"wp-block-button\"><a class=\"wp-block-button__link has-black-background-color has-background has-text-align-center wp-element-button\" href=\"https:\/\/www.tiktok.com\/@viveelbienestar\"><img loading=\"lazy\" decoding=\"async\" width=\"512\" height=\"512\" class=\"wp-image-62095\" style=\"width: 30px\" src=\"https:\/\/vicerrectorias.utp.edu.co\/responsabilidad-social\/wp-content\/uploads\/sites\/12\/tiktok.png\" alt=\"\" srcset=\"https:\/\/vicerrectorias.utp.edu.co\/responsabilidad-social\/wp-content\/uploads\/sites\/12\/tiktok.png 512w, https:\/\/vicerrectorias.utp.edu.co\/responsabilidad-social\/wp-content\/uploads\/sites\/12\/tiktok-300x300.png 300w, https:\/\/vicerrectorias.utp.edu.co\/responsabilidad-social\/wp-content\/uploads\/sites\/12\/tiktok-150x150.png 150w\" sizes=\"auto, (max-width: 512px) 100vw, 512px\" \/><\/a><\/div>\n<\/div>\n\n\n\n<p><span class=\"post-content__span\"> <\/p>\n","protected":false},"excerpt":{"rendered":"<p>La Universidad Tecnol\u00f3gica de Pereira (UTP) fortalece sus acciones de promoci\u00f3n de la salud uni\u00e9ndose a las recomendaciones del Ministerio [&hellip;]<\/p>\n","protected":false},"author":21,"featured_media":63003,"comment_status":"open","ping_status":"open","sticky":false,"template":"","format":"standard","meta":{"footnotes":""},"categories":[3],"tags":[],"class_list":["post-62906","post","type-post","status-publish","format-standard","has-post-thumbnail","hentry","category-noticias"],"_links":{"self":[{"href":"https:\/\/vicerrectorias.utp.edu.co\/responsabilidad-social\/wp-json\/wp\/v2\/posts\/62906","targetHints":{"allow":["GET"]}}],"collection":[{"href":"https:\/\/vicerrectorias.utp.edu.co\/responsabilidad-social\/wp-json\/wp\/v2\/posts"}],"about":[{"href":"https:\/\/vicerrectorias.utp.edu.co\/responsabilidad-social\/wp-json\/wp\/v2\/types\/post"}],"author":[{"embeddable":true,"href":"https:\/\/vicerrectorias.utp.edu.co\/responsabilidad-social\/wp-json\/wp\/v2\/users\/21"}],"replies":[{"embeddable":true,"href":"https:\/\/vicerrectorias.utp.edu.co\/responsabilidad-social\/wp-json\/wp\/v2\/comments?post=62906"}],"version-history":[{"count":6,"href":"https:\/\/vicerrectorias.utp.edu.co\/responsabilidad-social\/wp-json\/wp\/v2\/posts\/62906\/revisions"}],"predecessor-version":[{"id":63009,"href":"https:\/\/vicerrectorias.utp.edu.co\/responsabilidad-social\/wp-json\/wp\/v2\/posts\/62906\/revisions\/63009"}],"wp:featuredmedia":[{"embeddable":true,"href":"https:\/\/vicerrectorias.utp.edu.co\/responsabilidad-social\/wp-json\/wp\/v2\/media\/63003"}],"wp:attachment":[{"href":"https:\/\/vicerrectorias.utp.edu.co\/responsabilidad-social\/wp-json\/wp\/v2\/media?parent=62906"}],"wp:term":[{"taxonomy":"category","embeddable":true,"href":"https:\/\/vicerrectorias.utp.edu.co\/responsabilidad-social\/wp-json\/wp\/v2\/categories?post=62906"},{"taxonomy":"post_tag","embeddable":true,"href":"https:\/\/vicerrectorias.utp.edu.co\/responsabilidad-social\/wp-json\/wp\/v2\/tags?post=62906"}],"curies":[{"name":"wp","href":"https:\/\/api.w.org\/{rel}","templated":true}]}}