{"id":62901,"date":"2025-04-25T21:35:21","date_gmt":"2025-04-25T19:35:21","guid":{"rendered":"https:\/\/vicerrectorias.utp.edu.co\/responsabilidad-social\/?p=62901"},"modified":"2025-04-25T21:36:42","modified_gmt":"2025-04-25T19:36:42","slug":"ii-jornada-nacional-de-vacunacion-2025","status":"publish","type":"post","link":"https:\/\/vicerrectorias.utp.edu.co\/responsabilidad-social\/ii-jornada-nacional-de-vacunacion-2025\/","title":{"rendered":"II Jornada Nacional de Vacunaci\u00f3n 2025"},"content":{"rendered":"\n<p><span class=\"post-content__span\"> <strong>La Universidad Tecnol\u00f3gica de Pereira se une a la II Jornada Nacional de Vacunaci\u00f3n: una oportunidad para cuidar de ti y de los tuyos<\/strong><\/p>\n\n\n\n<p><span class=\"post-content__span\"> <em>La vacunaci\u00f3n es una de las estrategias m\u00e1s efectivas para prevenir enfermedades y salvar vidas. Consciente de ello, la Universidad Tecnol\u00f3gica de Pereira (UTP) invita a toda la comunidad universitaria y a la ciudadan\u00eda en general a participar activamente en la II Jornada Nacional de Vacunaci\u00f3n, que se llevar\u00e1 a cabo los d\u00edas viernes 25 y s\u00e1bado 26 de abril de 2025 en diferentes sedes de la instituci\u00f3n.<\/em><\/p>\n\n\n\n<p><span class=\"post-content__span\"> La jornada se realiza en el marco de la estrategia nacional liderada por el Ministerio de Salud y Protecci\u00f3n Social, con el objetivo de fortalecer el acceso a la vacunaci\u00f3n en todo el pa\u00eds. En esta oportunidad, la UTP ofrece espacios adecuados, seguros y con horarios flexibles, pensados para facilitar la participaci\u00f3n de estudiantes, docentes, personal administrativo y comunidad en general.<\/p>\n\n\n\n<p><span class=\"post-content__span\"> <strong>\u00bfPor qu\u00e9 es importante vacunarse?<\/strong><\/p>\n\n\n\n<p><span class=\"post-content__span\"> La vacunaci\u00f3n no solo protege a la persona que recibe la vacuna, sino tambi\u00e9n a su entorno, especialmente a aquellos que por condiciones de salud no pueden inmunizarse. Completar los esquemas de vacunaci\u00f3n es clave para prevenir enfermedades como el sarampi\u00f3n, la rub\u00e9ola, la influenza, el t\u00e9tano, la hepatitis B, entre muchas otras. Adem\u00e1s, contribuye a reducir la carga sobre el sistema de salud y evita brotes que pueden tener consecuencias graves en la salud p\u00fablica.<\/p>\n\n\n\n<p><span class=\"post-content__span\"> En ese sentido, esta jornada representa una oportunidad vital para actualizar esquemas de vacunaci\u00f3n, recibir refuerzos y resolver dudas con personal de salud capacitado.<\/p>\n\n\n\n<p><span class=\"post-content__span\"> <strong>Puntos de atenci\u00f3n y horarios<\/strong><\/p>\n\n\n\n<p><span class=\"post-content__span\"> Con el fin de facilitar el acceso y garantizar una amplia cobertura, la UTP dispondr\u00e1 de varias sedes con horarios adaptados a las necesidades de la comunidad:<\/p>\n\n\n\n<p><span class=\"post-content__span\"> <strong>\ud83d\udcc5<\/strong><strong> Viernes 25 de abril \u2013 Vacunat\u00f3n Nocturna<\/strong><\/p>\n\n\n\n<p><span class=\"post-content__span\"> Pensando en quienes tienen compromisos durante el d\u00eda, se habilitar\u00e1 un horario extendido:<\/p>\n\n\n\n<ul class=\"wp-block-list\">\n<li>\u2705 <strong>Sede Circunvalar<\/strong>: desde las 7:30 a.m. hasta las 9:00 p.m.<\/li>\n\n\n\n<li>\u2705 <strong>Sede Dosquebradas<\/strong>: de 7:30 a.m. a 7:00 p.m.<\/li>\n<\/ul>\n\n\n\n<p><span class=\"post-content__span\"> <strong>\ud83d\udcc5<\/strong><strong> S\u00e1bado 26 de abril \u2013 Jornada central en horario diurno<\/strong><\/p>\n\n\n\n<p><span class=\"post-content__span\"> Ideal para quienes desean asistir durante el fin de semana:<\/p>\n\n\n\n<ul class=\"wp-block-list\">\n<li>\u2705 <strong>Sede Centro<\/strong>: 8:00 a.m. a 4:00 p.m.<\/li>\n\n\n\n<li>\u2705 <strong>Sede Circunvalar<\/strong>: 8:00 a.m. a 4:00 p.m.<\/li>\n\n\n\n<li>\u2705 <strong>Sede Dosquebradas<\/strong>: 8:00 a.m. a 2:00 p.m.<\/li>\n<\/ul>\n\n\n\n<p><span class=\"post-content__span\"> En cada punto, el personal m\u00e9dico realizar\u00e1 valoraci\u00f3n, orientaci\u00f3n y aplicaci\u00f3n de vacunas de acuerdo con las necesidades individuales. Tambi\u00e9n se brindar\u00e1 informaci\u00f3n sobre el esquema nacional de vacunaci\u00f3n y recomendaciones de autocuidado.<\/p>\n\n\n\n<p><span class=\"post-content__span\"> <strong>\u00bfQui\u00e9nes pueden asistir?<\/strong><\/p>\n\n\n\n<p><span class=\"post-content__span\"> La jornada est\u00e1 dirigida a toda la poblaci\u00f3n, con \u00e9nfasis especial en:<\/p>\n\n\n\n<ul class=\"wp-block-list\">\n<li>Ni\u00f1os y ni\u00f1as menores de 6 a\u00f1os<\/li>\n\n\n\n<li>Mujeres en edad f\u00e9rtil (10 a 49 a\u00f1os)<\/li>\n\n\n\n<li>Gestantes<\/li>\n\n\n\n<li>Adultos mayores<\/li>\n\n\n\n<li>Personas con enfermedades cr\u00f3nicas<\/li>\n\n\n\n<li>J\u00f3venes y adultos que necesiten actualizar sus vacunas<\/li>\n<\/ul>\n\n\n\n<p><span class=\"post-content__span\"> No es necesario tener afiliaci\u00f3n al sistema de salud ni pedir cita previa. Solo se requiere portar el documento de identidad y, si es posible, el carn\u00e9 de vacunaci\u00f3n.<\/p>\n\n\n\n<p><span class=\"post-content__span\"> <strong>Un compromiso con el bienestar y la salud colectiva<\/strong><\/p>\n\n\n\n<p><span class=\"post-content__span\"> Esta actividad se enmarca en la Pol\u00edtica de Bienestar Institucional de la UTP, que promueve el cuidado integral de la comunidad universitaria a trav\u00e9s de acciones preventivas, educativas y participativas. La Direcci\u00f3n de Bienestar Universitario, a trav\u00e9s de Salud Integral, lidera esta articulaci\u00f3n con las autoridades de salud, reiterando su compromiso con una universidad saludable, incluyente y consciente de su papel en la construcci\u00f3n de una sociedad m\u00e1s sana.<\/p>\n\n\n\n<p><span class=\"post-content__span\"> <strong>Recuerda: vacunar es un acto de amor, responsabilidad y solidaridad.<\/strong><br><strong>#Vac\u00fanate #TuDecisi\u00f3nMarcaLaDiferencia <\/strong><strong>\ud83d\udc89\ud83e\ude7a\ud83d\udc99<\/strong><\/p>\n\n\n\n<div style=\"height:20px\" aria-hidden=\"true\" class=\"wp-block-spacer\"><\/div>\n\n\n<div class=\"wp-block-image\">\n<figure class=\"aligncenter size-large\"><img loading=\"lazy\" decoding=\"async\" width=\"818\" height=\"1024\" src=\"https:\/\/vicerrectorias.utp.edu.co\/responsabilidad-social\/wp-content\/uploads\/sites\/12\/image-44-818x1024.png\" alt=\"\" class=\"wp-image-62902\" \/><\/figure>\n<\/div>\n\n\n<div style=\"height:20px\" aria-hidden=\"true\" class=\"wp-block-spacer\"><\/div>\n\n\n\n<div class=\"wp-block-buttons is-layout-flex wp-block-buttons-is-layout-flex\">\n<div class=\"wp-block-button\"><a class=\"wp-block-button__link has-luminous-dusk-gradient-background has-background wp-element-button\" href=\"https:\/\/www.instagram.com\/bienestarutp\/?hl=es\"><img loading=\"lazy\" decoding=\"async\" width=\"250\" height=\"250\" class=\"wp-image-61599\" style=\"width: 30px\" src=\"https:\/\/vicerrectorias.utp.edu.co\/responsabilidad-social\/wp-content\/uploads\/sites\/12\/Instagram_logo_2022.svg_-3.png\" alt=\"\" srcset=\"https:\/\/vicerrectorias.utp.edu.co\/responsabilidad-social\/wp-content\/uploads\/sites\/12\/Instagram_logo_2022.svg_-3.png 250w, https:\/\/vicerrectorias.utp.edu.co\/responsabilidad-social\/wp-content\/uploads\/sites\/12\/Instagram_logo_2022.svg_-3-150x150.png 150w\" sizes=\"auto, (max-width: 250px) 100vw, 250px\" \/><\/a><\/div>\n\n\n\n<div class=\"wp-block-button\"><a class=\"wp-block-button__link has-vivid-cyan-blue-background-color has-background wp-element-button\" href=\"https:\/\/www.facebook.com\/UTPresponsable?locale=es_LA\"><img loading=\"lazy\" decoding=\"async\" width=\"1280\" height=\"1280\" class=\"wp-image-61600\" style=\"width: 30px\" src=\"https:\/\/vicerrectorias.utp.edu.co\/responsabilidad-social\/wp-content\/uploads\/sites\/12\/facebook-6338507_1280-3.webp\" alt=\"\" srcset=\"https:\/\/vicerrectorias.utp.edu.co\/responsabilidad-social\/wp-content\/uploads\/sites\/12\/facebook-6338507_1280-3.webp 1280w, https:\/\/vicerrectorias.utp.edu.co\/responsabilidad-social\/wp-content\/uploads\/sites\/12\/facebook-6338507_1280-3-300x300.webp 300w, https:\/\/vicerrectorias.utp.edu.co\/responsabilidad-social\/wp-content\/uploads\/sites\/12\/facebook-6338507_1280-3-1024x1024.webp 1024w, https:\/\/vicerrectorias.utp.edu.co\/responsabilidad-social\/wp-content\/uploads\/sites\/12\/facebook-6338507_1280-3-150x150.webp 150w, https:\/\/vicerrectorias.utp.edu.co\/responsabilidad-social\/wp-content\/uploads\/sites\/12\/facebook-6338507_1280-3-768x768.webp 768w\" sizes=\"auto, (max-width: 1280px) 100vw, 1280px\" \/><\/a><\/div>\n\n\n\n<div class=\"wp-block-button\"><a class=\"wp-block-button__link has-black-background-color has-background wp-element-button\" href=\"https:\/\/open.spotify.com\/show\/1TbIZzsXs5yPvRtepjrZFS?si=96b6ac86d204468f\"><img loading=\"lazy\" decoding=\"async\" width=\"225\" height=\"225\" class=\"wp-image-62097\" style=\"width: 30px\" src=\"https:\/\/vicerrectorias.utp.edu.co\/responsabilidad-social\/wp-content\/uploads\/sites\/12\/spotify.png.1.png\" alt=\"\" srcset=\"https:\/\/vicerrectorias.utp.edu.co\/responsabilidad-social\/wp-content\/uploads\/sites\/12\/spotify.png.1.png 225w, https:\/\/vicerrectorias.utp.edu.co\/responsabilidad-social\/wp-content\/uploads\/sites\/12\/spotify.png.1-150x150.png 150w\" sizes=\"auto, (max-width: 225px) 100vw, 225px\" \/><\/a><\/div>\n\n\n\n<div class=\"wp-block-button\"><a class=\"wp-block-button__link has-black-background-color has-background wp-element-button\" href=\"https:\/\/www.tiktok.com\/@viveelbienestar\"><img loading=\"lazy\" decoding=\"async\" width=\"512\" height=\"512\" class=\"wp-image-62095\" style=\"width: 30px\" src=\"https:\/\/vicerrectorias.utp.edu.co\/responsabilidad-social\/wp-content\/uploads\/sites\/12\/tiktok.png\" alt=\"\" srcset=\"https:\/\/vicerrectorias.utp.edu.co\/responsabilidad-social\/wp-content\/uploads\/sites\/12\/tiktok.png 512w, https:\/\/vicerrectorias.utp.edu.co\/responsabilidad-social\/wp-content\/uploads\/sites\/12\/tiktok-300x300.png 300w, https:\/\/vicerrectorias.utp.edu.co\/responsabilidad-social\/wp-content\/uploads\/sites\/12\/tiktok-150x150.png 150w\" sizes=\"auto, (max-width: 512px) 100vw, 512px\" \/><\/a><\/div>\n<\/div>\n\n\n\n<p><span class=\"post-content__span\"> <\/p>\n","protected":false},"excerpt":{"rendered":"<p>La Universidad Tecnol\u00f3gica de Pereira se une a la II Jornada Nacional de Vacunaci\u00f3n: una oportunidad para cuidar de ti [&hellip;]<\/p>\n","protected":false},"author":21,"featured_media":62902,"comment_status":"open","ping_status":"open","sticky":false,"template":"","format":"standard","meta":{"footnotes":""},"categories":[],"tags":[],"class_list":["post-62901","post","type-post","status-publish","format-standard","has-post-thumbnail","hentry"],"_links":{"self":[{"href":"https:\/\/vicerrectorias.utp.edu.co\/responsabilidad-social\/wp-json\/wp\/v2\/posts\/62901","targetHints":{"allow":["GET"]}}],"collection":[{"href":"https:\/\/vicerrectorias.utp.edu.co\/responsabilidad-social\/wp-json\/wp\/v2\/posts"}],"about":[{"href":"https:\/\/vicerrectorias.utp.edu.co\/responsabilidad-social\/wp-json\/wp\/v2\/types\/post"}],"author":[{"embeddable":true,"href":"https:\/\/vicerrectorias.utp.edu.co\/responsabilidad-social\/wp-json\/wp\/v2\/users\/21"}],"replies":[{"embeddable":true,"href":"https:\/\/vicerrectorias.utp.edu.co\/responsabilidad-social\/wp-json\/wp\/v2\/comments?post=62901"}],"version-history":[{"count":2,"href":"https:\/\/vicerrectorias.utp.edu.co\/responsabilidad-social\/wp-json\/wp\/v2\/posts\/62901\/revisions"}],"predecessor-version":[{"id":62905,"href":"https:\/\/vicerrectorias.utp.edu.co\/responsabilidad-social\/wp-json\/wp\/v2\/posts\/62901\/revisions\/62905"}],"wp:featuredmedia":[{"embeddable":true,"href":"https:\/\/vicerrectorias.utp.edu.co\/responsabilidad-social\/wp-json\/wp\/v2\/media\/62902"}],"wp:attachment":[{"href":"https:\/\/vicerrectorias.utp.edu.co\/responsabilidad-social\/wp-json\/wp\/v2\/media?parent=62901"}],"wp:term":[{"taxonomy":"category","embeddable":true,"href":"https:\/\/vicerrectorias.utp.edu.co\/responsabilidad-social\/wp-json\/wp\/v2\/categories?post=62901"},{"taxonomy":"post_tag","embeddable":true,"href":"https:\/\/vicerrectorias.utp.edu.co\/responsabilidad-social\/wp-json\/wp\/v2\/tags?post=62901"}],"curies":[{"name":"wp","href":"https:\/\/api.w.org\/{rel}","templated":true}]}}