{"id":62713,"date":"2025-04-08T21:48:21","date_gmt":"2025-04-08T19:48:21","guid":{"rendered":"https:\/\/vicerrectorias.utp.edu.co\/responsabilidad-social\/?p=62713"},"modified":"2025-04-08T21:48:21","modified_gmt":"2025-04-08T19:48:21","slug":"taller-simulacro-de-entrevistas-de-trabajo","status":"publish","type":"post","link":"https:\/\/vicerrectorias.utp.edu.co\/responsabilidad-social\/taller-simulacro-de-entrevistas-de-trabajo\/","title":{"rendered":"Taller: simulacro de entrevistas de trabajo"},"content":{"rendered":"\n<figure class=\"wp-block-image size-large\"><img loading=\"lazy\" decoding=\"async\" width=\"819\" height=\"1024\" src=\"https:\/\/vicerrectorias.utp.edu.co\/responsabilidad-social\/wp-content\/uploads\/sites\/12\/10-abril-1-819x1024.png\" alt=\"\" class=\"wp-image-62710\" srcset=\"https:\/\/vicerrectorias.utp.edu.co\/responsabilidad-social\/wp-content\/uploads\/sites\/12\/10-abril-1-819x1024.png 819w, https:\/\/vicerrectorias.utp.edu.co\/responsabilidad-social\/wp-content\/uploads\/sites\/12\/10-abril-1-240x300.png 240w, https:\/\/vicerrectorias.utp.edu.co\/responsabilidad-social\/wp-content\/uploads\/sites\/12\/10-abril-1-768x960.png 768w, https:\/\/vicerrectorias.utp.edu.co\/responsabilidad-social\/wp-content\/uploads\/sites\/12\/10-abril-1.png 1080w\" sizes=\"auto, (max-width: 819px) 100vw, 819px\" \/><\/figure>\n\n\n\n<p class=\"has-medium-font-size\">Desde la VRSYBU extendemos la invitaci\u00f3n al taller Simulacros de entrevista de trabajo<\/p>\n\n\n\n<p class=\"has-medium-font-size\">Enfr\u00e9ntate con confianza a las entrevistas de trabajo \u00a1ven! y pr\u00e1ctica en un entorno seguro, recibe retroalimentaci\u00f3n y mejora tu desempe\u00f1o con este taller de simulacros de entrevista de trabajo. \ud83d\udcbc\u2728<\/p>\n\n\n\n<p class=\"has-medium-font-size\">\ud83d\udcc5 Fecha: Jueves 10 de abril<br>\ud83d\udd51 Hora: 2:00 p.m.<br>\ud83d\udccd Lugar: Auditorio A-201, UTP<br>\ud83c\udf99 Facilitador: Kevin Yesid Medina Castiblanco \u2013 Psic\u00f3logo orientador de la Bolsa de Empleo UTP.<\/p>\n\n\n\n<p class=\"has-medium-font-size\">\ud83d\udc65 Organizan: Renta Joven y Bolsa de Empleo UTP<\/p>\n\n\n\n<p class=\"has-medium-font-size\">\ud83d\udce2 \u00a1Cupos limitados! Inscr\u00edbete aqu\u00ed \ud83d\udc49 https:\/\/forms.gle\/EmgoqzS9KrzAii1S8 <\/p>\n","protected":false},"excerpt":{"rendered":"<p>Desde la VRSYBU extendemos la invitaci\u00f3n al taller Simulacros de entrevista de trabajo Enfr\u00e9ntate con confianza a las entrevistas de [&hellip;]<\/p>\n","protected":false},"author":24,"featured_media":62710,"comment_status":"open","ping_status":"open","sticky":false,"template":"","format":"standard","meta":{"footnotes":""},"categories":[3],"tags":[],"class_list":["post-62713","post","type-post","status-publish","format-standard","has-post-thumbnail","hentry","category-noticias"],"_links":{"self":[{"href":"https:\/\/vicerrectorias.utp.edu.co\/responsabilidad-social\/wp-json\/wp\/v2\/posts\/62713","targetHints":{"allow":["GET"]}}],"collection":[{"href":"https:\/\/vicerrectorias.utp.edu.co\/responsabilidad-social\/wp-json\/wp\/v2\/posts"}],"about":[{"href":"https:\/\/vicerrectorias.utp.edu.co\/responsabilidad-social\/wp-json\/wp\/v2\/types\/post"}],"author":[{"embeddable":true,"href":"https:\/\/vicerrectorias.utp.edu.co\/responsabilidad-social\/wp-json\/wp\/v2\/users\/24"}],"replies":[{"embeddable":true,"href":"https:\/\/vicerrectorias.utp.edu.co\/responsabilidad-social\/wp-json\/wp\/v2\/comments?post=62713"}],"version-history":[{"count":1,"href":"https:\/\/vicerrectorias.utp.edu.co\/responsabilidad-social\/wp-json\/wp\/v2\/posts\/62713\/revisions"}],"predecessor-version":[{"id":62714,"href":"https:\/\/vicerrectorias.utp.edu.co\/responsabilidad-social\/wp-json\/wp\/v2\/posts\/62713\/revisions\/62714"}],"wp:featuredmedia":[{"embeddable":true,"href":"https:\/\/vicerrectorias.utp.edu.co\/responsabilidad-social\/wp-json\/wp\/v2\/media\/62710"}],"wp:attachment":[{"href":"https:\/\/vicerrectorias.utp.edu.co\/responsabilidad-social\/wp-json\/wp\/v2\/media?parent=62713"}],"wp:term":[{"taxonomy":"category","embeddable":true,"href":"https:\/\/vicerrectorias.utp.edu.co\/responsabilidad-social\/wp-json\/wp\/v2\/categories?post=62713"},{"taxonomy":"post_tag","embeddable":true,"href":"https:\/\/vicerrectorias.utp.edu.co\/responsabilidad-social\/wp-json\/wp\/v2\/tags?post=62713"}],"curies":[{"name":"wp","href":"https:\/\/api.w.org\/{rel}","templated":true}]}}