{"id":6271,"date":"2019-09-02T16:08:00","date_gmt":"2019-09-02T14:08:00","guid":{"rendered":""},"modified":"2024-08-20T09:36:28","modified_gmt":"2024-08-20T07:36:28","slug":"jornadas-de-pre-registro-jovenes-en-accion","status":"publish","type":"post","link":"https:\/\/vicerrectorias.utp.edu.co\/responsabilidad-social\/jornadas-de-pre-registro-jovenes-en-accion\/","title":{"rendered":"Jornadas de pre-registro J\u00f3venes en Acci\u00f3n"},"content":{"rendered":"\n<p><span class=\"post-content__span\"> Jornadas de pre-registro al Programa J\u00f3venes en Acci\u00f3n<\/p>\n\n\n\n<p><span class=\"post-content__span\"> <img decoding=\"async\" src=\"https:\/\/comunicaciones.utp.edu.co\/wp-content\/uploads\/sites\/2\/Logo-Jovenes-en-Accion-294-x-176.jpg\">La oficina J\u00f3venes en Acci\u00f3n&nbsp;informa&nbsp;que a partir del 9 septiembre hasta 13 de septiembre del 2019, se estar\u00e1n realizando jornadas masivas de Pre-registro al programa J\u00f3venes en Acci\u00f3n.<\/p>\n\n\n\n<p><span class=\"post-content__span\"> Los estudiantes que cumplan requisitos deber\u00e1n acercarse al edificio 3, Sala&nbsp; de Registro y Control.<\/p>\n\n\n\n<p><span class=\"post-content__span\"> Los j\u00f3venes deben presentar:<\/p>\n\n\n\n<p><span class=\"post-content__span\"> &#8211; Documento de identidad original (Tarjeta de identidad o c\u00e9dula&nbsp;de ciudadan\u00eda)&nbsp;<\/p>\n\n\n\n<p><span class=\"post-content__span\"> &#8211; Documento de identidad ampliado al 150% en formato PDF.<\/p>\n\n\n\n<p><span class=\"post-content__span\"> &#8211; Diploma de bachiller o acta de grado en formato PDF&nbsp;<\/p>\n\n\n\n<p><span class=\"post-content__span\"> <a href=\"https:\/\/www.utp.edu.co\/cms-utp\/data\/bin\/UTP\/web\/uploads\/media\/comunicaciones\/documentos\/Afiche-editable-IES-septiembre-1-.pdf\" target=\"_blank\" rel=\"noreferrer noopener\">Ver m\u00e1s informaci\u00f3n en este enlace<\/a><\/p>\n\n\n\n<p><span class=\"post-content__span\"> \u00a1Los esperamos para que inicien el camino hacia un cupo en&nbsp;<a href=\"https:\/\/www.facebook.com\/hashtag\/j%C3%B3venesenacci%C3%B3n?source=feed_text&amp;epa=HASHTAG&amp;__xts__%5B0%5D=68.ARDJjvyBqWz0RwqotPOkbpT-YeXFfJe-QXc6aj-btEx6QmbrK1_Dr-OXo_cGYgz0i9Cu4TdH6R8gDp1UzLwFHD6wmAc6IxM6kMeAnemI3LnIt3lQVEpOzUpITICZ4KQByVLa6eF8t2a3nZbM1q1bmWeYad5ysVLjaPA2G21d_xMYa1TFUa2goz56URn-eqk3JrTy_gztoMGHv3jWMaWepdeD_Zye1KPqhPjo5Lca-nxf0-X0kWluSPDjT8Z21mVTV7-20FNhchePAOK7Qv6qtzLmexp-r7FP1ljIET5rz9XE8xFE0emNWmpCVnJ02oicNQxkREl95rsZD2yl_EPSQhTpJQ&amp;__tn__=%2ANK-R\" target=\"_blank\" rel=\"noreferrer noopener\">#J\u00f3venesEnAcci\u00f3n<\/a>!<\/p>\n\n\n\n<p><span class=\"post-content__span\"> Cualquier inquietud pueden comunicarse a los tel\u00e9fonos 3137300 ext 7768 &#8211; 7769&nbsp; o acercarse a la oficina de J\u00f3venes en Acci\u00f3n UTP, ubicada en el edificio 17 &#8211; La Julita, oficina 17A &#8211; 202.&nbsp;<\/p>\n","protected":false},"excerpt":{"rendered":"<p>Jornadas de pre-registro al Programa J\u00f3venes en Acci\u00f3n La oficina J\u00f3venes en Acci\u00f3n&nbsp;informa&nbsp;que a partir del 9 septiembre hasta 13 [&hellip;]<\/p>\n","protected":false},"author":0,"featured_media":60468,"comment_status":"closed","ping_status":"closed","sticky":false,"template":"","format":"standard","meta":{"footnotes":""},"categories":[3],"tags":[],"class_list":["post-6271","post","type-post","status-publish","format-standard","has-post-thumbnail","hentry","category-noticias"],"_links":{"self":[{"href":"https:\/\/vicerrectorias.utp.edu.co\/responsabilidad-social\/wp-json\/wp\/v2\/posts\/6271","targetHints":{"allow":["GET"]}}],"collection":[{"href":"https:\/\/vicerrectorias.utp.edu.co\/responsabilidad-social\/wp-json\/wp\/v2\/posts"}],"about":[{"href":"https:\/\/vicerrectorias.utp.edu.co\/responsabilidad-social\/wp-json\/wp\/v2\/types\/post"}],"replies":[{"embeddable":true,"href":"https:\/\/vicerrectorias.utp.edu.co\/responsabilidad-social\/wp-json\/wp\/v2\/comments?post=6271"}],"version-history":[{"count":2,"href":"https:\/\/vicerrectorias.utp.edu.co\/responsabilidad-social\/wp-json\/wp\/v2\/posts\/6271\/revisions"}],"predecessor-version":[{"id":61156,"href":"https:\/\/vicerrectorias.utp.edu.co\/responsabilidad-social\/wp-json\/wp\/v2\/posts\/6271\/revisions\/61156"}],"wp:featuredmedia":[{"embeddable":true,"href":"https:\/\/vicerrectorias.utp.edu.co\/responsabilidad-social\/wp-json\/wp\/v2\/media\/60468"}],"wp:attachment":[{"href":"https:\/\/vicerrectorias.utp.edu.co\/responsabilidad-social\/wp-json\/wp\/v2\/media?parent=6271"}],"wp:term":[{"taxonomy":"category","embeddable":true,"href":"https:\/\/vicerrectorias.utp.edu.co\/responsabilidad-social\/wp-json\/wp\/v2\/categories?post=6271"},{"taxonomy":"post_tag","embeddable":true,"href":"https:\/\/vicerrectorias.utp.edu.co\/responsabilidad-social\/wp-json\/wp\/v2\/tags?post=6271"}],"curies":[{"name":"wp","href":"https:\/\/api.w.org\/{rel}","templated":true}]}}