{"id":62620,"date":"2025-04-03T00:04:16","date_gmt":"2025-04-02T22:04:16","guid":{"rendered":"https:\/\/vicerrectorias.utp.edu.co\/responsabilidad-social\/?p=62620"},"modified":"2025-04-03T00:05:41","modified_gmt":"2025-04-02T22:05:41","slug":"la-utp-se-mueve-un-espacio-para-la-salud-el-deporte-y-el-bienestar","status":"publish","type":"post","link":"https:\/\/vicerrectorias.utp.edu.co\/responsabilidad-social\/la-utp-se-mueve-un-espacio-para-la-salud-el-deporte-y-el-bienestar\/","title":{"rendered":"La UTP se mueve: Un espacio para la salud, el deporte y el bienestar"},"content":{"rendered":"\n<p><span class=\"post-content__span\"> La Universidad Tecnol\u00f3gica de Pereira (UTP) ser\u00e1 escenario de \u00abLa UTP se mueve\u00bb, un evento dise\u00f1ado para fomentar la cultura deportiva, la actividad f\u00edsica regular y la creaci\u00f3n de entornos universitarios seguros y saludables.<\/p>\n\n\n\n<p><span class=\"post-content__span\"> El 4 de abril, la comunidad universitaria podr\u00e1 participar en diversas actividades que conmemoran el D\u00eda Mundial de la Salud, el D\u00eda Mundial de la Actividad F\u00edsica, el D\u00eda Internacional del Deporte para el Desarrollo y la Paz, y el D\u00eda Mundial de la Seguridad y Salud en el Trabajo.<\/p>\n\n\n\n<p><span class=\"post-content__span\"> Los asistentes podr\u00e1n acercarse a los puntos principales del evento ubicados en el hall administrativo del edificio 1, la zona verde del planetario y el edificio 13, donde encontrar\u00e1n tamizajes de salud, pruebas r\u00e1pidas para la detecci\u00f3n de enfermedades, puntos informativos sobre deporte, alimentaci\u00f3n y bienestar, as\u00ed como exhibiciones, torneos y sesiones deportivas.<\/p>\n\n\n\n<p><span class=\"post-content__span\"> Adem\u00e1s, se llevar\u00e1n a cabo conferencias sobre h\u00e1bitos y estilos de vida saludable, el deporte como herramienta de transformaci\u00f3n social, tendencias en seguridad y salud en el trabajo, y un taller de primeros auxilios b\u00e1sicos.<\/p>\n\n\n\n<div style=\"height:38px\" aria-hidden=\"true\" class=\"wp-block-spacer\"><\/div>\n\n\n\n<div class=\"wp-block-columns is-layout-flex wp-container-core-columns-is-layout-9d6595d7 wp-block-columns-is-layout-flex\">\n<div class=\"wp-block-column is-layout-flow wp-block-column-is-layout-flow\">\n<figure class=\"wp-block-image size-large\"><img loading=\"lazy\" decoding=\"async\" width=\"819\" height=\"1024\" src=\"https:\/\/vicerrectorias.utp.edu.co\/responsabilidad-social\/wp-content\/uploads\/sites\/12\/image-26-819x1024.png\" alt=\"\" class=\"wp-image-62628\" srcset=\"https:\/\/vicerrectorias.utp.edu.co\/responsabilidad-social\/wp-content\/uploads\/sites\/12\/image-26-819x1024.png 819w, https:\/\/vicerrectorias.utp.edu.co\/responsabilidad-social\/wp-content\/uploads\/sites\/12\/image-26-240x300.png 240w, https:\/\/vicerrectorias.utp.edu.co\/responsabilidad-social\/wp-content\/uploads\/sites\/12\/image-26-768x960.png 768w, https:\/\/vicerrectorias.utp.edu.co\/responsabilidad-social\/wp-content\/uploads\/sites\/12\/image-26.png 1080w\" sizes=\"auto, (max-width: 819px) 100vw, 819px\" \/><\/figure>\n\n\n\n<figure class=\"wp-block-image size-large\"><img loading=\"lazy\" decoding=\"async\" width=\"819\" height=\"1024\" src=\"https:\/\/vicerrectorias.utp.edu.co\/responsabilidad-social\/wp-content\/uploads\/sites\/12\/image-22-819x1024.png\" alt=\"\" class=\"wp-image-62624\" srcset=\"https:\/\/vicerrectorias.utp.edu.co\/responsabilidad-social\/wp-content\/uploads\/sites\/12\/image-22-819x1024.png 819w, https:\/\/vicerrectorias.utp.edu.co\/responsabilidad-social\/wp-content\/uploads\/sites\/12\/image-22-240x300.png 240w, https:\/\/vicerrectorias.utp.edu.co\/responsabilidad-social\/wp-content\/uploads\/sites\/12\/image-22-768x960.png 768w, https:\/\/vicerrectorias.utp.edu.co\/responsabilidad-social\/wp-content\/uploads\/sites\/12\/image-22.png 1080w\" sizes=\"auto, (max-width: 819px) 100vw, 819px\" \/><\/figure>\n<\/div>\n\n\n\n<div class=\"wp-block-column is-layout-flow wp-block-column-is-layout-flow\">\n<figure class=\"wp-block-image size-large\"><img loading=\"lazy\" decoding=\"async\" width=\"819\" height=\"1024\" src=\"https:\/\/vicerrectorias.utp.edu.co\/responsabilidad-social\/wp-content\/uploads\/sites\/12\/image-28-819x1024.png\" alt=\"\" class=\"wp-image-62631\" srcset=\"https:\/\/vicerrectorias.utp.edu.co\/responsabilidad-social\/wp-content\/uploads\/sites\/12\/image-28-819x1024.png 819w, https:\/\/vicerrectorias.utp.edu.co\/responsabilidad-social\/wp-content\/uploads\/sites\/12\/image-28-240x300.png 240w, https:\/\/vicerrectorias.utp.edu.co\/responsabilidad-social\/wp-content\/uploads\/sites\/12\/image-28-768x960.png 768w, https:\/\/vicerrectorias.utp.edu.co\/responsabilidad-social\/wp-content\/uploads\/sites\/12\/image-28.png 1080w\" sizes=\"auto, (max-width: 819px) 100vw, 819px\" \/><\/figure>\n\n\n\n<figure class=\"wp-block-image size-large\"><img loading=\"lazy\" decoding=\"async\" width=\"819\" height=\"1024\" src=\"https:\/\/vicerrectorias.utp.edu.co\/responsabilidad-social\/wp-content\/uploads\/sites\/12\/image-23-819x1024.png\" alt=\"\" class=\"wp-image-62625\" srcset=\"https:\/\/vicerrectorias.utp.edu.co\/responsabilidad-social\/wp-content\/uploads\/sites\/12\/image-23-819x1024.png 819w, https:\/\/vicerrectorias.utp.edu.co\/responsabilidad-social\/wp-content\/uploads\/sites\/12\/image-23-240x300.png 240w, https:\/\/vicerrectorias.utp.edu.co\/responsabilidad-social\/wp-content\/uploads\/sites\/12\/image-23-768x960.png 768w, https:\/\/vicerrectorias.utp.edu.co\/responsabilidad-social\/wp-content\/uploads\/sites\/12\/image-23.png 1080w\" sizes=\"auto, (max-width: 819px) 100vw, 819px\" \/><\/figure>\n<\/div>\n\n\n\n<div class=\"wp-block-column is-layout-flow wp-block-column-is-layout-flow\">\n<figure class=\"wp-block-image size-large\"><img loading=\"lazy\" decoding=\"async\" width=\"819\" height=\"1024\" src=\"https:\/\/vicerrectorias.utp.edu.co\/responsabilidad-social\/wp-content\/uploads\/sites\/12\/image-21-819x1024.png\" alt=\"\" class=\"wp-image-62623\" srcset=\"https:\/\/vicerrectorias.utp.edu.co\/responsabilidad-social\/wp-content\/uploads\/sites\/12\/image-21-819x1024.png 819w, https:\/\/vicerrectorias.utp.edu.co\/responsabilidad-social\/wp-content\/uploads\/sites\/12\/image-21-240x300.png 240w, https:\/\/vicerrectorias.utp.edu.co\/responsabilidad-social\/wp-content\/uploads\/sites\/12\/image-21-768x960.png 768w, https:\/\/vicerrectorias.utp.edu.co\/responsabilidad-social\/wp-content\/uploads\/sites\/12\/image-21.png 1080w\" sizes=\"auto, (max-width: 819px) 100vw, 819px\" \/><\/figure>\n\n\n\n<figure class=\"wp-block-image size-large\"><img loading=\"lazy\" decoding=\"async\" width=\"819\" height=\"1024\" src=\"https:\/\/vicerrectorias.utp.edu.co\/responsabilidad-social\/wp-content\/uploads\/sites\/12\/image-24-819x1024.png\" alt=\"\" class=\"wp-image-62626\" srcset=\"https:\/\/vicerrectorias.utp.edu.co\/responsabilidad-social\/wp-content\/uploads\/sites\/12\/image-24-819x1024.png 819w, https:\/\/vicerrectorias.utp.edu.co\/responsabilidad-social\/wp-content\/uploads\/sites\/12\/image-24-240x300.png 240w, https:\/\/vicerrectorias.utp.edu.co\/responsabilidad-social\/wp-content\/uploads\/sites\/12\/image-24-768x960.png 768w, https:\/\/vicerrectorias.utp.edu.co\/responsabilidad-social\/wp-content\/uploads\/sites\/12\/image-24.png 1080w\" sizes=\"auto, (max-width: 819px) 100vw, 819px\" \/><\/figure>\n<\/div>\n<\/div>\n\n\n<div class=\"wp-block-image\">\n<figure class=\"aligncenter size-large is-resized\"><img loading=\"lazy\" decoding=\"async\" width=\"819\" height=\"1024\" src=\"https:\/\/vicerrectorias.utp.edu.co\/responsabilidad-social\/wp-content\/uploads\/sites\/12\/image-25-819x1024.png\" alt=\"\" class=\"wp-image-62627\" style=\"width:255px;height:auto\" srcset=\"https:\/\/vicerrectorias.utp.edu.co\/responsabilidad-social\/wp-content\/uploads\/sites\/12\/image-25-819x1024.png 819w, https:\/\/vicerrectorias.utp.edu.co\/responsabilidad-social\/wp-content\/uploads\/sites\/12\/image-25-240x300.png 240w, https:\/\/vicerrectorias.utp.edu.co\/responsabilidad-social\/wp-content\/uploads\/sites\/12\/image-25-768x960.png 768w, https:\/\/vicerrectorias.utp.edu.co\/responsabilidad-social\/wp-content\/uploads\/sites\/12\/image-25.png 1080w\" sizes=\"auto, (max-width: 819px) 100vw, 819px\" \/><\/figure>\n<\/div>\n\n\n<p><span class=\"post-content__span\"> <\/p>\n\n\n\n<p><span class=\"post-content__span\"> <\/p>\n\n\n\n<p><span class=\"post-content__span\"> <\/p>\n\n\n\n<p><span class=\"post-content__span\"> <\/p>\n\n\n\n<div style=\"height:28px\" aria-hidden=\"true\" class=\"wp-block-spacer\"><\/div>\n","protected":false},"excerpt":{"rendered":"<p>La Universidad Tecnol\u00f3gica de Pereira (UTP) ser\u00e1 escenario de \u00abLa UTP se mueve\u00bb, un evento dise\u00f1ado para fomentar la cultura [&hellip;]<\/p>\n","protected":false},"author":23,"featured_media":62621,"comment_status":"open","ping_status":"open","sticky":false,"template":"","format":"standard","meta":{"footnotes":""},"categories":[3],"tags":[],"class_list":["post-62620","post","type-post","status-publish","format-standard","has-post-thumbnail","hentry","category-noticias"],"_links":{"self":[{"href":"https:\/\/vicerrectorias.utp.edu.co\/responsabilidad-social\/wp-json\/wp\/v2\/posts\/62620","targetHints":{"allow":["GET"]}}],"collection":[{"href":"https:\/\/vicerrectorias.utp.edu.co\/responsabilidad-social\/wp-json\/wp\/v2\/posts"}],"about":[{"href":"https:\/\/vicerrectorias.utp.edu.co\/responsabilidad-social\/wp-json\/wp\/v2\/types\/post"}],"author":[{"embeddable":true,"href":"https:\/\/vicerrectorias.utp.edu.co\/responsabilidad-social\/wp-json\/wp\/v2\/users\/23"}],"replies":[{"embeddable":true,"href":"https:\/\/vicerrectorias.utp.edu.co\/responsabilidad-social\/wp-json\/wp\/v2\/comments?post=62620"}],"version-history":[{"count":3,"href":"https:\/\/vicerrectorias.utp.edu.co\/responsabilidad-social\/wp-json\/wp\/v2\/posts\/62620\/revisions"}],"predecessor-version":[{"id":62634,"href":"https:\/\/vicerrectorias.utp.edu.co\/responsabilidad-social\/wp-json\/wp\/v2\/posts\/62620\/revisions\/62634"}],"wp:featuredmedia":[{"embeddable":true,"href":"https:\/\/vicerrectorias.utp.edu.co\/responsabilidad-social\/wp-json\/wp\/v2\/media\/62621"}],"wp:attachment":[{"href":"https:\/\/vicerrectorias.utp.edu.co\/responsabilidad-social\/wp-json\/wp\/v2\/media?parent=62620"}],"wp:term":[{"taxonomy":"category","embeddable":true,"href":"https:\/\/vicerrectorias.utp.edu.co\/responsabilidad-social\/wp-json\/wp\/v2\/categories?post=62620"},{"taxonomy":"post_tag","embeddable":true,"href":"https:\/\/vicerrectorias.utp.edu.co\/responsabilidad-social\/wp-json\/wp\/v2\/tags?post=62620"}],"curies":[{"name":"wp","href":"https:\/\/api.w.org\/{rel}","templated":true}]}}