{"id":62613,"date":"2025-04-01T20:04:28","date_gmt":"2025-04-01T18:04:28","guid":{"rendered":"https:\/\/vicerrectorias.utp.edu.co\/responsabilidad-social\/?p=62613"},"modified":"2025-04-01T20:07:27","modified_gmt":"2025-04-01T18:07:27","slug":"batuta-risaralda-inscripciones-abiertas","status":"publish","type":"post","link":"https:\/\/vicerrectorias.utp.edu.co\/responsabilidad-social\/batuta-risaralda-inscripciones-abiertas\/","title":{"rendered":"BATUTA RISARALDA &#8211; INSCRIPCIONES ABIERTAS"},"content":{"rendered":"\n<div style=\"height:18px\" aria-hidden=\"true\" class=\"wp-block-spacer\"><\/div>\n\n\n\n<hr class=\"wp-block-separator has-alpha-channel-opacity\" \/>\n\n\n\n<div style=\"height:23px\" aria-hidden=\"true\" class=\"wp-block-spacer\"><\/div>\n\n\n\n<figure class=\"wp-block-gallery has-nested-images columns-default is-cropped wp-block-gallery-1 is-layout-flex wp-block-gallery-is-layout-flex\">\n<figure class=\"wp-block-image size-large\"><img loading=\"lazy\" decoding=\"async\" width=\"819\" height=\"1024\" data-id=\"62614\" src=\"https:\/\/vicerrectorias.utp.edu.co\/responsabilidad-social\/wp-content\/uploads\/sites\/12\/1000203076-819x1024.jpg\" alt=\"\" class=\"wp-image-62614\" srcset=\"https:\/\/vicerrectorias.utp.edu.co\/responsabilidad-social\/wp-content\/uploads\/sites\/12\/1000203076-819x1024.jpg 819w, https:\/\/vicerrectorias.utp.edu.co\/responsabilidad-social\/wp-content\/uploads\/sites\/12\/1000203076-240x300.jpg 240w, https:\/\/vicerrectorias.utp.edu.co\/responsabilidad-social\/wp-content\/uploads\/sites\/12\/1000203076-768x960.jpg 768w, https:\/\/vicerrectorias.utp.edu.co\/responsabilidad-social\/wp-content\/uploads\/sites\/12\/1000203076.jpg 1080w\" sizes=\"auto, (max-width: 819px) 100vw, 819px\" \/><\/figure>\n<\/figure>\n\n\n\n<p class=\"has-x-large-font-size\">Inscripciones abiertas Talleres de formaci\u00f3n para administrativos, docentes e hijos.<\/p>\n\n\n\n<p class=\"has-large-font-size\">Estimulaci\u00f3n<\/p>\n\n\n\n<p class=\"has-large-font-size\">Batubeb\u00e9s<\/p>\n\n\n\n<p class=\"has-large-font-size\">Coro<\/p>\n\n\n\n<p class=\"has-large-font-size\">Ensamble<\/p>\n\n\n\n<p class=\"has-large-font-size\">Clases grupales<\/p>\n\n\n\n<p class=\"has-large-font-size\">Gracias a la alianza con la vicerrector\u00eda de responsabilidad social, en el marco de la pol\u00edtica de bienestar institucional se est\u00e1n generando estos procesos.<\/p>\n\n\n\n<p class=\"has-large-font-size\">\u00a1No te pierdas esta oportunidad!<\/p>\n\n\n\n<p class=\"has-large-font-size\">M\u00e1s informaci\u00f3n:<\/p>\n\n\n\n<p class=\"has-large-font-size\">&nbsp;3117647580<\/p>\n\n\n\n<p class=\"has-large-font-size\">&nbsp;batutarisaralda@hotmail.com<\/p>\n","protected":false},"excerpt":{"rendered":"<p>Inscripciones abiertas Talleres de formaci\u00f3n para administrativos, docentes e hijos. Estimulaci\u00f3n Batubeb\u00e9s Coro Ensamble Clases grupales Gracias a la alianza [&hellip;]<\/p>\n","protected":false},"author":22,"featured_media":62618,"comment_status":"open","ping_status":"open","sticky":false,"template":"","format":"standard","meta":{"footnotes":""},"categories":[3],"tags":[],"class_list":["post-62613","post","type-post","status-publish","format-standard","has-post-thumbnail","hentry","category-noticias"],"_links":{"self":[{"href":"https:\/\/vicerrectorias.utp.edu.co\/responsabilidad-social\/wp-json\/wp\/v2\/posts\/62613","targetHints":{"allow":["GET"]}}],"collection":[{"href":"https:\/\/vicerrectorias.utp.edu.co\/responsabilidad-social\/wp-json\/wp\/v2\/posts"}],"about":[{"href":"https:\/\/vicerrectorias.utp.edu.co\/responsabilidad-social\/wp-json\/wp\/v2\/types\/post"}],"author":[{"embeddable":true,"href":"https:\/\/vicerrectorias.utp.edu.co\/responsabilidad-social\/wp-json\/wp\/v2\/users\/22"}],"replies":[{"embeddable":true,"href":"https:\/\/vicerrectorias.utp.edu.co\/responsabilidad-social\/wp-json\/wp\/v2\/comments?post=62613"}],"version-history":[{"count":2,"href":"https:\/\/vicerrectorias.utp.edu.co\/responsabilidad-social\/wp-json\/wp\/v2\/posts\/62613\/revisions"}],"predecessor-version":[{"id":62617,"href":"https:\/\/vicerrectorias.utp.edu.co\/responsabilidad-social\/wp-json\/wp\/v2\/posts\/62613\/revisions\/62617"}],"wp:featuredmedia":[{"embeddable":true,"href":"https:\/\/vicerrectorias.utp.edu.co\/responsabilidad-social\/wp-json\/wp\/v2\/media\/62618"}],"wp:attachment":[{"href":"https:\/\/vicerrectorias.utp.edu.co\/responsabilidad-social\/wp-json\/wp\/v2\/media?parent=62613"}],"wp:term":[{"taxonomy":"category","embeddable":true,"href":"https:\/\/vicerrectorias.utp.edu.co\/responsabilidad-social\/wp-json\/wp\/v2\/categories?post=62613"},{"taxonomy":"post_tag","embeddable":true,"href":"https:\/\/vicerrectorias.utp.edu.co\/responsabilidad-social\/wp-json\/wp\/v2\/tags?post=62613"}],"curies":[{"name":"wp","href":"https:\/\/api.w.org\/{rel}","templated":true}]}}