{"id":62589,"date":"2025-04-01T00:23:01","date_gmt":"2025-03-31T22:23:01","guid":{"rendered":"https:\/\/vicerrectorias.utp.edu.co\/responsabilidad-social\/?p=62589"},"modified":"2025-04-01T00:24:15","modified_gmt":"2025-03-31T22:24:15","slug":"62589-2","status":"publish","type":"post","link":"https:\/\/vicerrectorias.utp.edu.co\/responsabilidad-social\/62589-2\/","title":{"rendered":"D\u00eda Internacional de la visibilidad de transg\u00e9nero"},"content":{"rendered":"<div class=\"wp-block-image\">\n<figure class=\"aligncenter size-large\"><img decoding=\"async\" src=\"https:\/\/vicerrectorias.utp.edu.co\/responsabilidad-social\/wp-content\/uploads\/sites\/12\/image-18-580x1024.png\" \/><\/figure>\n<\/div>\n\n\n<p><span class=\"post-content__span\"> Hoy, 31 de marzo, se conmemora el D\u00eda Internacional de la Visibilidad Transg\u00e9nero, una jornada que tiene como prop\u00f3sito visibilizar las luchas y las experiencias de las personas trans en todo el mundo. Este d\u00eda es un recordatorio de la importancia de reconocer y apoyar los derechos humanos, la igualdad y la dignidad de quienes pertenecen a esta comunidad.<\/p>\n\n\n\n<p><span class=\"post-content__span\"> Ser visible para las personas transg\u00e9nero es una forma de resistencia y una manera de afirmar su existencia en una sociedad que, en muchas ocasiones, ha sido indiferente o incluso hostil. La visibilidad no solo es un acto de coraje, sino tambi\u00e9n un medio para derribar estigmas y prejuicios, generando empat\u00eda en el resto de la sociedad. Al hacerlo, se contribuye a la creaci\u00f3n de una comunidad m\u00e1s inclusiva, diversa y justa, en la que se respete la identidad y los derechos de todos.<\/p>\n\n\n\n<p><span class=\"post-content__span\"> Este d\u00eda invita a reflexionar sobre la importancia de que las personas transg\u00e9nero tengan la oportunidad de vivir con orgullo y dignidad, en un mundo que debe seguir avanzando hacia la igualdad real. La visibilidad, entonces, no solo es un derecho, sino tambi\u00e9n un paso fundamental hacia la construcci\u00f3n de una sociedad m\u00e1s equitativa, donde todos y todas puedan existir sin temor a la discriminaci\u00f3n.<\/p>\n\n\n<div class=\"wp-block-image\">\n<figure class=\"alignleft size-full is-resized\"><img loading=\"lazy\" decoding=\"async\" width=\"196\" height=\"196\" src=\"https:\/\/vicerrectorias.utp.edu.co\/responsabilidad-social\/wp-content\/uploads\/sites\/12\/instaGram.png\" alt=\"instaGram\" class=\"wp-image-62458\" style=\"width:75px;height:auto\" srcset=\"https:\/\/vicerrectorias.utp.edu.co\/responsabilidad-social\/wp-content\/uploads\/sites\/12\/instaGram.png 196w, https:\/\/vicerrectorias.utp.edu.co\/responsabilidad-social\/wp-content\/uploads\/sites\/12\/instaGram-150x150.png 150w\" sizes=\"auto, (max-width: 196px) 100vw, 196px\" \/><\/figure>\n<\/div>\n\n<div class=\"wp-block-image\">\n<figure class=\"alignleft size-full is-resized\"><img loading=\"lazy\" decoding=\"async\" width=\"174\" height=\"173\" src=\"https:\/\/vicerrectorias.utp.edu.co\/responsabilidad-social\/wp-content\/uploads\/sites\/12\/facebook-1.png\" alt=\"facebook\" class=\"wp-image-62457\" style=\"width:73px;height:auto\" srcset=\"https:\/\/vicerrectorias.utp.edu.co\/responsabilidad-social\/wp-content\/uploads\/sites\/12\/facebook-1.png 174w, https:\/\/vicerrectorias.utp.edu.co\/responsabilidad-social\/wp-content\/uploads\/sites\/12\/facebook-1-150x150.png 150w\" sizes=\"auto, (max-width: 174px) 100vw, 174px\" \/><\/figure>\n<\/div>\n\n<div class=\"wp-block-image\">\n<figure class=\"alignleft size-full is-resized\"><img loading=\"lazy\" decoding=\"async\" width=\"173\" height=\"173\" src=\"https:\/\/vicerrectorias.utp.edu.co\/responsabilidad-social\/wp-content\/uploads\/sites\/12\/tiktok-1.png\" alt=\"tiktok\" class=\"wp-image-62460\" style=\"width:78px;height:auto\" srcset=\"https:\/\/vicerrectorias.utp.edu.co\/responsabilidad-social\/wp-content\/uploads\/sites\/12\/tiktok-1.png 173w, https:\/\/vicerrectorias.utp.edu.co\/responsabilidad-social\/wp-content\/uploads\/sites\/12\/tiktok-1-150x150.png 150w\" sizes=\"auto, (max-width: 173px) 100vw, 173px\" \/><\/figure>\n<\/div>\n\n<div class=\"wp-block-image\">\n<figure class=\"alignleft size-full is-resized\"><img loading=\"lazy\" decoding=\"async\" width=\"173\" height=\"173\" src=\"https:\/\/vicerrectorias.utp.edu.co\/responsabilidad-social\/wp-content\/uploads\/sites\/12\/spotify-1.png\" alt=\"spotify\" class=\"wp-image-62459\" style=\"width:76px;height:auto\" srcset=\"https:\/\/vicerrectorias.utp.edu.co\/responsabilidad-social\/wp-content\/uploads\/sites\/12\/spotify-1.png 173w, https:\/\/vicerrectorias.utp.edu.co\/responsabilidad-social\/wp-content\/uploads\/sites\/12\/spotify-1-150x150.png 150w\" sizes=\"auto, (max-width: 173px) 100vw, 173px\" \/><\/figure>\n<\/div>\n\n<div class=\"wp-block-image\">\n<figure class=\"alignleft size-full is-resized\"><a href=\"https:\/\/comunicaciones.utp.edu.co\/71934\/facultades\/facultades-facultades-5\/la-escafandra-teatro\"><img loading=\"lazy\" decoding=\"async\" width=\"225\" height=\"133\" src=\"https:\/\/vicerrectorias.utp.edu.co\/responsabilidad-social\/wp-content\/uploads\/sites\/12\/descarga.jpg\" alt=\"\" class=\"wp-image-62566\" style=\"width:127px;height:auto\" \/><\/a><\/figure>\n<\/div>\n\n\n<p><span class=\"post-content__span\"> <\/p>\n","protected":false},"excerpt":{"rendered":"<p>Hoy, 31 de marzo, se conmemora el D\u00eda Internacional de la Visibilidad Transg\u00e9nero, una jornada que tiene como prop\u00f3sito visibilizar [&hellip;]<\/p>\n","protected":false},"author":23,"featured_media":62590,"comment_status":"open","ping_status":"open","sticky":false,"template":"","format":"standard","meta":{"footnotes":""},"categories":[3],"tags":[],"class_list":["post-62589","post","type-post","status-publish","format-standard","has-post-thumbnail","hentry","category-noticias"],"_links":{"self":[{"href":"https:\/\/vicerrectorias.utp.edu.co\/responsabilidad-social\/wp-json\/wp\/v2\/posts\/62589","targetHints":{"allow":["GET"]}}],"collection":[{"href":"https:\/\/vicerrectorias.utp.edu.co\/responsabilidad-social\/wp-json\/wp\/v2\/posts"}],"about":[{"href":"https:\/\/vicerrectorias.utp.edu.co\/responsabilidad-social\/wp-json\/wp\/v2\/types\/post"}],"author":[{"embeddable":true,"href":"https:\/\/vicerrectorias.utp.edu.co\/responsabilidad-social\/wp-json\/wp\/v2\/users\/23"}],"replies":[{"embeddable":true,"href":"https:\/\/vicerrectorias.utp.edu.co\/responsabilidad-social\/wp-json\/wp\/v2\/comments?post=62589"}],"version-history":[{"count":3,"href":"https:\/\/vicerrectorias.utp.edu.co\/responsabilidad-social\/wp-json\/wp\/v2\/posts\/62589\/revisions"}],"predecessor-version":[{"id":62595,"href":"https:\/\/vicerrectorias.utp.edu.co\/responsabilidad-social\/wp-json\/wp\/v2\/posts\/62589\/revisions\/62595"}],"wp:featuredmedia":[{"embeddable":true,"href":"https:\/\/vicerrectorias.utp.edu.co\/responsabilidad-social\/wp-json\/wp\/v2\/media\/62590"}],"wp:attachment":[{"href":"https:\/\/vicerrectorias.utp.edu.co\/responsabilidad-social\/wp-json\/wp\/v2\/media?parent=62589"}],"wp:term":[{"taxonomy":"category","embeddable":true,"href":"https:\/\/vicerrectorias.utp.edu.co\/responsabilidad-social\/wp-json\/wp\/v2\/categories?post=62589"},{"taxonomy":"post_tag","embeddable":true,"href":"https:\/\/vicerrectorias.utp.edu.co\/responsabilidad-social\/wp-json\/wp\/v2\/tags?post=62589"}],"curies":[{"name":"wp","href":"https:\/\/api.w.org\/{rel}","templated":true}]}}