{"id":6251,"date":"2019-08-26T10:25:47","date_gmt":"2019-08-26T08:25:47","guid":{"rendered":""},"modified":"2024-08-16T13:50:45","modified_gmt":"2024-08-16T11:50:45","slug":"el-rector-de-la-utp-presidente-del-canal-zoom","status":"publish","type":"post","link":"https:\/\/vicerrectorias.utp.edu.co\/responsabilidad-social\/el-rector-de-la-utp-presidente-del-canal-zoom\/","title":{"rendered":"El Rector de la UTP Presidente del canal Zoom"},"content":{"rendered":"\n<p><span class=\"post-content__span\"> Zoom TV felicita al Rector UTP por asumir la Presidencia del Canal<\/p>\n\n\n\n<p><span class=\"post-content__span\"> <img decoding=\"async\" src=\"https:\/\/comunicaciones.utp.edu.co\/wp-content\/uploads\/sites\/2\/Canal-Universitario-Zoom.jpg\"><\/p>\n\n\n\n<p><span class=\"post-content__span\"> El Canal Universitario Nacional ZOOM, su Junta Directiva y las 33 Instituciones de Educaci\u00f3n Superior p\u00fablicas y privadas afiliadas, emiten mensaje de felicitaci\u00f3n al rector UTP,\u00a0 Luis Fernando Gaviria Trujillo,\u00a0 por asumir como Presidente de Junta del Canal ZOOM,\u00a0<a href=\"https:\/\/www.utp.edu.co\/cms-utp\/data\/bin\/UTP\/web\/uploads\/media\/comunicaciones\/documentos\/CARTA-FELICITACIO-N-RECTOR-ZOOM-AGOSTO-2019.pdf\" target=\"_blank\" rel=\"noreferrer noopener\">ver carta en este enlace.\u00a0<\/a><\/p>\n","protected":false},"excerpt":{"rendered":"<p>Zoom TV felicita al Rector UTP por asumir la Presidencia del Canal El Canal Universitario Nacional ZOOM, su Junta Directiva [&hellip;]<\/p>\n","protected":false},"author":0,"featured_media":60466,"comment_status":"closed","ping_status":"closed","sticky":false,"template":"","format":"standard","meta":{"footnotes":""},"categories":[3],"tags":[],"class_list":["post-6251","post","type-post","status-publish","format-standard","has-post-thumbnail","hentry","category-noticias"],"_links":{"self":[{"href":"https:\/\/vicerrectorias.utp.edu.co\/responsabilidad-social\/wp-json\/wp\/v2\/posts\/6251","targetHints":{"allow":["GET"]}}],"collection":[{"href":"https:\/\/vicerrectorias.utp.edu.co\/responsabilidad-social\/wp-json\/wp\/v2\/posts"}],"about":[{"href":"https:\/\/vicerrectorias.utp.edu.co\/responsabilidad-social\/wp-json\/wp\/v2\/types\/post"}],"replies":[{"embeddable":true,"href":"https:\/\/vicerrectorias.utp.edu.co\/responsabilidad-social\/wp-json\/wp\/v2\/comments?post=6251"}],"version-history":[{"count":2,"href":"https:\/\/vicerrectorias.utp.edu.co\/responsabilidad-social\/wp-json\/wp\/v2\/posts\/6251\/revisions"}],"predecessor-version":[{"id":60956,"href":"https:\/\/vicerrectorias.utp.edu.co\/responsabilidad-social\/wp-json\/wp\/v2\/posts\/6251\/revisions\/60956"}],"wp:featuredmedia":[{"embeddable":true,"href":"https:\/\/vicerrectorias.utp.edu.co\/responsabilidad-social\/wp-json\/wp\/v2\/media\/60466"}],"wp:attachment":[{"href":"https:\/\/vicerrectorias.utp.edu.co\/responsabilidad-social\/wp-json\/wp\/v2\/media?parent=6251"}],"wp:term":[{"taxonomy":"category","embeddable":true,"href":"https:\/\/vicerrectorias.utp.edu.co\/responsabilidad-social\/wp-json\/wp\/v2\/categories?post=6251"},{"taxonomy":"post_tag","embeddable":true,"href":"https:\/\/vicerrectorias.utp.edu.co\/responsabilidad-social\/wp-json\/wp\/v2\/tags?post=6251"}],"curies":[{"name":"wp","href":"https:\/\/api.w.org\/{rel}","templated":true}]}}