{"id":6231,"date":"2019-08-12T11:03:57","date_gmt":"2019-08-12T09:03:57","guid":{"rendered":""},"modified":"2024-08-20T09:46:37","modified_gmt":"2024-08-20T07:46:37","slug":"la-utp-invita-a-las-mesas-de-participacion-del-pdi","status":"publish","type":"post","link":"https:\/\/vicerrectorias.utp.edu.co\/responsabilidad-social\/la-utp-invita-a-las-mesas-de-participacion-del-pdi\/","title":{"rendered":"La UTP invita a las Mesas de participaci\u00f3n del PDI"},"content":{"rendered":"\n<p><span class=\"post-content__span\"> Te invitamos a hacer parte de las Mesas de Participaci\u00f3n<\/p>\n\n\n\n<p><span class=\"post-content__span\"> <img decoding=\"async\" src=\"https:\/\/comunicaciones.utp.edu.co\/wp-content\/uploads\/sites\/2\/mesas-de-participacion-agosto-2019.jpg\">La Universidad Tecnol\u00f3gica de Pereira se encuentra adelantando la formulaci\u00f3n del Plan de Desarrollo Institucional 2020 \u2013 2028 y el proceso de Autoevaluaci\u00f3n con fines de la Reacreditaci\u00f3n Institucional, en el cual todos los estamentos de la comunidad universitaria juegan un papel fundamental.<\/p>\n\n\n\n<p><span class=\"post-content__span\"> Tus aportes son importantes para enriquecer&nbsp;las apuestas planteadas para los pr\u00f3ximos nueve a\u00f1os, por eso si eres estudiante, docente, administrativo, egresado o ciudadano de la regi\u00f3n, te invitamos a hacer parte en las Mesas de Participaci\u00f3n que se realizar\u00e1n entre el 22 de agosto al 11 de septiembre, para que hagas tus aportes y sue\u00f1es con \u201cLa Universidad que tienes en Mente\u201d.<\/p>\n\n\n\n<p><span class=\"post-content__span\"> Inscr\u00edbete entre el 12 y el 16 de agosto de 2019 en el siguiente enlace: &nbsp;<a href=\"https:\/\/www.utp.edu.co\/pegatealplan\/quieroparticipar\" target=\"_blank\" rel=\"noreferrer noopener\">https:\/\/www.utp.edu.co\/pegatealplan\/quieroparticipar<\/a>&nbsp;&nbsp; &nbsp;y d\u00e9janos tus datos de contacto: Nombre completo, programa al que perteneces, correo electr\u00f3nico,&nbsp; tel\u00e9fono y mesa en la quieres participar, para que nos ayudes a construir el futuro de la UTP. Recuerda que por el tama\u00f1o del auditorio donde se realizar\u00e1n las mesas, el cupo es limitado.<\/p>\n\n\n\n<p><span class=\"post-content__span\"> Una vez tengamos lista la base de datos, se les informar\u00e1 la hora, lugar y fecha de la Mesa de Participaci\u00f3n.<\/p>\n\n\n\n<p><span class=\"post-content__span\"> Si no puedes asistir, ac\u00e9rcate con el representante estudiantil de t\u00fa facultad, decano o representante de tu estamento y hazle saber tus inquietudes y aportes.<\/p>\n\n\n\n<figure class=\"wp-block-image\"><img decoding=\"async\" src=\"https:\/\/comunicaciones.utp.edu.co\/wp-content\/uploads\/sites\/2\/FOTO-9-1.jpg\" alt=\"\"\/><\/figure>\n\n\n\n<p><span class=\"post-content__span\"> <strong>Porque eres un actor fundamental<\/strong><\/p>\n","protected":false},"excerpt":{"rendered":"<p>Te invitamos a hacer parte de las Mesas de Participaci\u00f3n La Universidad Tecnol\u00f3gica de Pereira se encuentra adelantando la formulaci\u00f3n [&hellip;]<\/p>\n","protected":false},"author":0,"featured_media":60464,"comment_status":"closed","ping_status":"closed","sticky":false,"template":"","format":"standard","meta":{"footnotes":""},"categories":[3],"tags":[],"class_list":["post-6231","post","type-post","status-publish","format-standard","has-post-thumbnail","hentry","category-noticias"],"_links":{"self":[{"href":"https:\/\/vicerrectorias.utp.edu.co\/responsabilidad-social\/wp-json\/wp\/v2\/posts\/6231","targetHints":{"allow":["GET"]}}],"collection":[{"href":"https:\/\/vicerrectorias.utp.edu.co\/responsabilidad-social\/wp-json\/wp\/v2\/posts"}],"about":[{"href":"https:\/\/vicerrectorias.utp.edu.co\/responsabilidad-social\/wp-json\/wp\/v2\/types\/post"}],"replies":[{"embeddable":true,"href":"https:\/\/vicerrectorias.utp.edu.co\/responsabilidad-social\/wp-json\/wp\/v2\/comments?post=6231"}],"version-history":[{"count":2,"href":"https:\/\/vicerrectorias.utp.edu.co\/responsabilidad-social\/wp-json\/wp\/v2\/posts\/6231\/revisions"}],"predecessor-version":[{"id":61168,"href":"https:\/\/vicerrectorias.utp.edu.co\/responsabilidad-social\/wp-json\/wp\/v2\/posts\/6231\/revisions\/61168"}],"wp:featuredmedia":[{"embeddable":true,"href":"https:\/\/vicerrectorias.utp.edu.co\/responsabilidad-social\/wp-json\/wp\/v2\/media\/60464"}],"wp:attachment":[{"href":"https:\/\/vicerrectorias.utp.edu.co\/responsabilidad-social\/wp-json\/wp\/v2\/media?parent=6231"}],"wp:term":[{"taxonomy":"category","embeddable":true,"href":"https:\/\/vicerrectorias.utp.edu.co\/responsabilidad-social\/wp-json\/wp\/v2\/categories?post=6231"},{"taxonomy":"post_tag","embeddable":true,"href":"https:\/\/vicerrectorias.utp.edu.co\/responsabilidad-social\/wp-json\/wp\/v2\/tags?post=6231"}],"curies":[{"name":"wp","href":"https:\/\/api.w.org\/{rel}","templated":true}]}}