{"id":6211,"date":"2019-08-12T08:29:55","date_gmt":"2019-08-12T06:29:55","guid":{"rendered":""},"modified":"2024-08-15T15:56:02","modified_gmt":"2024-08-15T13:56:02","slug":"capacitacion-en-manipulacion-de-alimentos-utp","status":"publish","type":"post","link":"https:\/\/vicerrectorias.utp.edu.co\/responsabilidad-social\/capacitacion-en-manipulacion-de-alimentos-utp\/","title":{"rendered":"Capacitaci\u00f3n en Manipulaci\u00f3n de Alimentos UTP"},"content":{"rendered":"\n<p><span class=\"post-content__span\"> Capacitaci\u00f3n en Manipulaci\u00f3n de Alimentos en la UTP<\/p>\n\n\n\n<p><span class=\"post-content__span\"> <img decoding=\"async\" src=\"https:\/\/comunicaciones.utp.edu.co\/wp-content\/uploads\/sites\/2\/New-Project-64-.jpg\">Con \u00e9xito se realiz\u00f3 el taller sobre manipulaci\u00f3n de alimentos con los estudiantes que cuentan con modulos de ventas al interior de la Universidad Tecnol\u00f3gica de Pereira.&nbsp;<\/p>\n\n\n\n<p><span class=\"post-content__span\"> La Vicerrector\u00eda de Responsabilidad Social y Bienestar Universitario de la UTP, coordin\u00f3 el curso de Manipulaci\u00f3n de Alimentos realizado por el SENA a los estudiantes de la Universidad que tienen asignados los m\u00f3dulos de venta de alimentos.<\/p>\n\n\n\n<p><span class=\"post-content__span\"> Este taller se realiz\u00f3 con el objetivo que los estudiantes puedan obtener la certificaci\u00f3n y cumplir con la exigencia de la Secretar\u00eda de Salud.<\/p>\n\n\n\n<p><span class=\"post-content__span\"> Lo anterior se llev\u00f3 a cabo adem\u00e1s como actividad de acompa\u00f1amiento desde Gesti\u00f3n y Promoci\u00f3n Social a los estudiantes que son beneficiarios de este apoyo socioecon\u00f3mico por parte de la Universidad, para lograr sus metas educativas en cuanto a permanencia y egreso exitoso.<\/p>\n\n\n\n<p><span class=\"post-content__span\"> <strong><a href=\"https:\/\/photos.app.goo.gl\/wRkeP7LHAMyoC2DY6\" target=\"_blank\" rel=\"noreferrer noopener\">Ver todas las fotograf\u00edas del taller.<\/a><\/strong><\/p>\n\n\n\n<figure class=\"wp-block-image\"><img decoding=\"async\" src=\"https:\/\/comunicaciones.utp.edu.co\/wp-content\/uploads\/sites\/2\/Curso-manipulacion-alimentos-Sena-15.jpg\" alt=\"\"\/><\/figure>\n\n\n\n<figure class=\"wp-block-image\"><img decoding=\"async\" src=\"https:\/\/comunicaciones.utp.edu.co\/wp-content\/uploads\/sites\/2\/Curso-manipulacion-alimentos-Sena-25.jpg\" alt=\"\"\/><\/figure>\n","protected":false},"excerpt":{"rendered":"<p>Capacitaci\u00f3n en Manipulaci\u00f3n de Alimentos en la UTP Con \u00e9xito se realiz\u00f3 el taller sobre manipulaci\u00f3n de alimentos con los [&hellip;]<\/p>\n","protected":false},"author":0,"featured_media":60463,"comment_status":"closed","ping_status":"closed","sticky":false,"template":"","format":"standard","meta":{"footnotes":""},"categories":[3],"tags":[],"class_list":["post-6211","post","type-post","status-publish","format-standard","has-post-thumbnail","hentry","category-noticias"],"_links":{"self":[{"href":"https:\/\/vicerrectorias.utp.edu.co\/responsabilidad-social\/wp-json\/wp\/v2\/posts\/6211","targetHints":{"allow":["GET"]}}],"collection":[{"href":"https:\/\/vicerrectorias.utp.edu.co\/responsabilidad-social\/wp-json\/wp\/v2\/posts"}],"about":[{"href":"https:\/\/vicerrectorias.utp.edu.co\/responsabilidad-social\/wp-json\/wp\/v2\/types\/post"}],"replies":[{"embeddable":true,"href":"https:\/\/vicerrectorias.utp.edu.co\/responsabilidad-social\/wp-json\/wp\/v2\/comments?post=6211"}],"version-history":[{"count":2,"href":"https:\/\/vicerrectorias.utp.edu.co\/responsabilidad-social\/wp-json\/wp\/v2\/posts\/6211\/revisions"}],"predecessor-version":[{"id":60801,"href":"https:\/\/vicerrectorias.utp.edu.co\/responsabilidad-social\/wp-json\/wp\/v2\/posts\/6211\/revisions\/60801"}],"wp:featuredmedia":[{"embeddable":true,"href":"https:\/\/vicerrectorias.utp.edu.co\/responsabilidad-social\/wp-json\/wp\/v2\/media\/60463"}],"wp:attachment":[{"href":"https:\/\/vicerrectorias.utp.edu.co\/responsabilidad-social\/wp-json\/wp\/v2\/media?parent=6211"}],"wp:term":[{"taxonomy":"category","embeddable":true,"href":"https:\/\/vicerrectorias.utp.edu.co\/responsabilidad-social\/wp-json\/wp\/v2\/categories?post=6211"},{"taxonomy":"post_tag","embeddable":true,"href":"https:\/\/vicerrectorias.utp.edu.co\/responsabilidad-social\/wp-json\/wp\/v2\/tags?post=6211"}],"curies":[{"name":"wp","href":"https:\/\/api.w.org\/{rel}","templated":true}]}}