{"id":61971,"date":"2025-02-17T22:24:30","date_gmt":"2025-02-17T21:24:30","guid":{"rendered":"https:\/\/vicerrectorias.utp.edu.co\/responsabilidad-social\/?p=61971"},"modified":"2025-02-17T22:28:55","modified_gmt":"2025-02-17T21:28:55","slug":"procesos-de-construccion-y-dialogo-con-el-cabildo-indigena-utp","status":"publish","type":"post","link":"https:\/\/vicerrectorias.utp.edu.co\/responsabilidad-social\/procesos-de-construccion-y-dialogo-con-el-cabildo-indigena-utp\/","title":{"rendered":"PROCESOS DE CONSTRUCCI\u00d3N Y DIALOGO CON EL CABILDO INDIGENA UTP"},"content":{"rendered":"\n<p><span class=\"post-content__span\"> La UTP ha iniciado procesos de construcci\u00f3n y di\u00e1logo con los grupos de especial protecci\u00f3n, en esta ocasi\u00f3n con el Cabildo Ind\u00edgena, para establecer y coordinar los escenarios de acompa\u00f1amiento que fortalezcan su participaci\u00f3n e inclusi\u00f3n en la vida universitaria.<\/p>\n\n\n<div class=\"wp-block-image\">\n<figure class=\"aligncenter size-full is-resized\"><img loading=\"lazy\" decoding=\"async\" width=\"711\" height=\"890\" src=\"https:\/\/vicerrectorias.utp.edu.co\/responsabilidad-social\/wp-content\/uploads\/sites\/12\/image-14.png\" alt=\"\" class=\"wp-image-61972\" style=\"width:565px;height:auto\" srcset=\"https:\/\/vicerrectorias.utp.edu.co\/responsabilidad-social\/wp-content\/uploads\/sites\/12\/image-14.png 711w, https:\/\/vicerrectorias.utp.edu.co\/responsabilidad-social\/wp-content\/uploads\/sites\/12\/image-14-240x300.png 240w\" sizes=\"auto, (max-width: 711px) 100vw, 711px\" \/><\/figure>\n<\/div>\n\n\n<div style=\"height:20px\" aria-hidden=\"true\" class=\"wp-block-spacer\"><\/div>\n\n\n\n<p><span class=\"post-content__span\"> Como parte del equipo de Vicerrector\u00eda de Responsabilidad Social y Bienestar Universitario (VRSYBU), nos complace compartir que la UTP ha iniciado un proceso de construcci\u00f3n y di\u00e1logo con los grupos de especial protecci\u00f3n, en esta ocasi\u00f3n con el Cabildo Ind\u00edgena, con el fin de establecer y coordinar escenarios de acompa\u00f1amiento que fortalezcan su participaci\u00f3n e inclusi\u00f3n dentro de la vida universitaria. Este esfuerzo se enmarca dentro de nuestro compromiso continuo con la diversidad, la equidad y el respeto hacia todos los miembros de nuestra comunidad. Buscamos generar espacios donde cada grupo, independientemente de su origen o contexto, pueda sentirse valorado y escuchado, favoreciendo as\u00ed una convivencia armoniosa y enriquecedora para todos. Invitamos a nuestros estudiantes a reflexionar sobre el impacto que tiene la inclusi\u00f3n en la construcci\u00f3n de una sociedad m\u00e1s justa y equitativa. Adem\u00e1s, los alentamos a ser agentes activos en la creaci\u00f3n de una universidad en la que la diversidad cultural, \u00e9tnica y social no solo sea respetada, sino tambi\u00e9n celebrada, contribuyendo todos al bienestar y fortalecimiento de nuestra comunidad acad\u00e9mica.<\/p>\n\n\n\n<p><span class=\"post-content__span\"> Los invitamos a seguirnos en nuestras redes sociales y estar al tanto de todas nuestras novedades.<\/p>\n\n\n\n<div style=\"height:20px\" aria-hidden=\"true\" class=\"wp-block-spacer\"><\/div>\n\n\n\n<div class=\"wp-block-group\"><div class=\"wp-block-group__inner-container is-layout-constrained wp-block-group-is-layout-constrained\">\n<div class=\"wp-block-buttons is-content-justification-center is-layout-flex wp-container-core-buttons-is-layout-16018d1d wp-block-buttons-is-layout-flex\">\n<div class=\"wp-block-button is-style-fill\"><a class=\"wp-block-button__link wp-element-button\" href=\"https:\/\/www.instagram.com\/p\/DGL-86PxPND\/?hl=es\"><img loading=\"lazy\" decoding=\"async\" width=\"40\" height=\"40\" class=\"wp-image-61606\" style=\"width: 40px\" src=\"https:\/\/vicerrectorias.utp.edu.co\/responsabilidad-social\/wp-content\/uploads\/sites\/12\/Instagram_logo_2022.svg_-4-e1732199699680.png\" alt=\"\"><\/a><\/div>\n\n\n\n<div class=\"wp-block-button\"><a class=\"wp-block-button__link wp-element-button\" href=\"https:\/\/www.facebook.com\/UTPresponsable?locale=es_LA\"><img loading=\"lazy\" decoding=\"async\" width=\"1280\" height=\"1280\" class=\"wp-image-61600\" style=\"width: 40px\" src=\"https:\/\/vicerrectorias.utp.edu.co\/responsabilidad-social\/wp-content\/uploads\/sites\/12\/facebook-6338507_1280-3.webp\" alt=\"\" srcset=\"https:\/\/vicerrectorias.utp.edu.co\/responsabilidad-social\/wp-content\/uploads\/sites\/12\/facebook-6338507_1280-3.webp 1280w, https:\/\/vicerrectorias.utp.edu.co\/responsabilidad-social\/wp-content\/uploads\/sites\/12\/facebook-6338507_1280-3-300x300.webp 300w, https:\/\/vicerrectorias.utp.edu.co\/responsabilidad-social\/wp-content\/uploads\/sites\/12\/facebook-6338507_1280-3-1024x1024.webp 1024w, https:\/\/vicerrectorias.utp.edu.co\/responsabilidad-social\/wp-content\/uploads\/sites\/12\/facebook-6338507_1280-3-150x150.webp 150w, https:\/\/vicerrectorias.utp.edu.co\/responsabilidad-social\/wp-content\/uploads\/sites\/12\/facebook-6338507_1280-3-768x768.webp 768w\" sizes=\"auto, (max-width: 1280px) 100vw, 1280px\" \/><\/a><\/div>\n\n\n\n<div class=\"wp-block-button\"><a class=\"wp-block-button__link wp-element-button\" href=\"https:\/\/vicerrectorias.utp.edu.co\/responsabilidad-social\/\">Pagina web<\/a><\/div>\n<\/div>\n<\/div><\/div>\n\n\n\n<div class=\"wp-block-buttons is-layout-flex wp-block-buttons-is-layout-flex\"><\/div>\n\n\n\n<div class=\"wp-block-buttons is-layout-flex wp-block-buttons-is-layout-flex\"><\/div>\n","protected":false},"excerpt":{"rendered":"<p>La UTP ha iniciado procesos de construcci\u00f3n y di\u00e1logo con los grupos de especial protecci\u00f3n, en esta ocasi\u00f3n con el [&hellip;]<\/p>\n","protected":false},"author":21,"featured_media":61972,"comment_status":"open","ping_status":"open","sticky":false,"template":"","format":"standard","meta":{"footnotes":""},"categories":[3],"tags":[],"class_list":["post-61971","post","type-post","status-publish","format-standard","has-post-thumbnail","hentry","category-noticias"],"_links":{"self":[{"href":"https:\/\/vicerrectorias.utp.edu.co\/responsabilidad-social\/wp-json\/wp\/v2\/posts\/61971","targetHints":{"allow":["GET"]}}],"collection":[{"href":"https:\/\/vicerrectorias.utp.edu.co\/responsabilidad-social\/wp-json\/wp\/v2\/posts"}],"about":[{"href":"https:\/\/vicerrectorias.utp.edu.co\/responsabilidad-social\/wp-json\/wp\/v2\/types\/post"}],"author":[{"embeddable":true,"href":"https:\/\/vicerrectorias.utp.edu.co\/responsabilidad-social\/wp-json\/wp\/v2\/users\/21"}],"replies":[{"embeddable":true,"href":"https:\/\/vicerrectorias.utp.edu.co\/responsabilidad-social\/wp-json\/wp\/v2\/comments?post=61971"}],"version-history":[{"count":8,"href":"https:\/\/vicerrectorias.utp.edu.co\/responsabilidad-social\/wp-json\/wp\/v2\/posts\/61971\/revisions"}],"predecessor-version":[{"id":61981,"href":"https:\/\/vicerrectorias.utp.edu.co\/responsabilidad-social\/wp-json\/wp\/v2\/posts\/61971\/revisions\/61981"}],"wp:featuredmedia":[{"embeddable":true,"href":"https:\/\/vicerrectorias.utp.edu.co\/responsabilidad-social\/wp-json\/wp\/v2\/media\/61972"}],"wp:attachment":[{"href":"https:\/\/vicerrectorias.utp.edu.co\/responsabilidad-social\/wp-json\/wp\/v2\/media?parent=61971"}],"wp:term":[{"taxonomy":"category","embeddable":true,"href":"https:\/\/vicerrectorias.utp.edu.co\/responsabilidad-social\/wp-json\/wp\/v2\/categories?post=61971"},{"taxonomy":"post_tag","embeddable":true,"href":"https:\/\/vicerrectorias.utp.edu.co\/responsabilidad-social\/wp-json\/wp\/v2\/tags?post=61971"}],"curies":[{"name":"wp","href":"https:\/\/api.w.org\/{rel}","templated":true}]}}