{"id":61943,"date":"2025-02-10T22:00:22","date_gmt":"2025-02-10T21:00:22","guid":{"rendered":"https:\/\/vicerrectorias.utp.edu.co\/responsabilidad-social\/?p=61943"},"modified":"2025-02-12T21:24:58","modified_gmt":"2025-02-12T20:24:58","slug":"unete-a-nuestro-grupo-de-baile","status":"publish","type":"post","link":"https:\/\/vicerrectorias.utp.edu.co\/responsabilidad-social\/unete-a-nuestro-grupo-de-baile\/","title":{"rendered":"\u00a1UNETE A NUESTRO GRUPO DE BAILE!"},"content":{"rendered":"\n<p><span class=\"post-content__span\"> Unirse al grupo de baile folcl\u00f3rico de la Universidad Tecnol\u00f3gica de Pereira es una oportunidad \u00fanica para ser parte de una comunidad universitaria que valora y preserva las tradiciones culturales a trav\u00e9s del arte de la danza. Este grupo se dedica a ense\u00f1ar y difundir danzas folcl\u00f3ricas, tanto de Colombia como de otros pa\u00edses, permitiendo que los estudiantes se conecten con sus ra\u00edces y desarrollen habilidades art\u00edsticas.<\/p>\n\n\n\n<p><span class=\"post-content__span\"> En el grupo de baile folcl\u00f3rico de la UTP, puedes aprender una variedad de danzas tradicionales, como el bambuco, la cumbia, el porro y otras representaciones t\u00edpicas de la regi\u00f3n andina y caribe\u00f1a, entre muchas otras. Los ensayos y las clases suelen estar abiertas a todos los estudiantes, independientemente de su nivel de experiencia, y se ofrecen de manera regular para que puedas integrarlos en tu rutina universitaria.<\/p>\n\n\n\n<p><span class=\"post-content__span\"> Las clases de baile folcl\u00f3rico en la UTP se dan en horarios convenientes, adaptados a la agenda de los estudiantes, con la posibilidad de ensayar tanto en la tarde como en la noche. Adem\u00e1s, el grupo de baile tiene la oportunidad de participar en diversas presentaciones dentro y fuera del campus universitario, mostrando el talento de los estudiantes en festivales y eventos culturales.<\/p>\n\n\n\n<p><span class=\"post-content__span\"> El grupo de baile folcl\u00f3rico de la Universidad Tecnol\u00f3gica de Pereira es accesible para todos los estudiantes, ya sea que se encuentren en el \u00e1rea de la universidad o en otros lugares cercanos. Las clases y presentaciones suelen tener lugar en espacios dentro del campus, como auditorios y salas de eventos, lo que facilita la participaci\u00f3n.<\/p>\n\n\n\n<p><span class=\"post-content__span\"> Unirse a este grupo no solo es una excelente manera de mantenerte activo, sino que tambi\u00e9n te ofrece la oportunidad de conocer m\u00e1s sobre la cultura colombiana y latinoamericana, mientras te integras a una comunidad universitaria con intereses comunes. Adem\u00e1s de los beneficios f\u00edsicos que ofrece la danza, como el fortalecimiento de la coordinaci\u00f3n, resistencia y flexibilidad, tambi\u00e9n experimentar\u00e1s un sentido de pertenencia y orgullo al representar las tradiciones a trav\u00e9s del baile.<\/p>\n\n\n\n<p><span class=\"post-content__span\"> El prop\u00f3sito de formar parte del grupo de baile folcl\u00f3rico de la UTP va m\u00e1s all\u00e1 de aprender pasos de danza; es una forma de conectar con la cultura, disfrutar de momentos compartidos con compa\u00f1eros y enriquecer tu experiencia universitaria, mientras mantienes vivas las tradiciones de tu tierra.<\/p>\n\n\n\n<div class=\"wp-block-buttons is-layout-flex wp-block-buttons-is-layout-flex\">\n<div class=\"wp-block-button is-style-fill\"><a class=\"wp-block-button__link has-white-background-color has-background wp-element-button\" href=\"https:\/\/www.instagram.com\/bienestarutp\/?hl=es\"><img loading=\"lazy\" decoding=\"async\" width=\"40\" height=\"40\" class=\"wp-image-61606\" style=\"width: 40px\" src=\"https:\/\/vicerrectorias.utp.edu.co\/responsabilidad-social\/wp-content\/uploads\/sites\/12\/Instagram_logo_2022.svg_-4-e1732199699680.png\" alt=\"\"><\/a><\/div>\n\n\n\n<div class=\"wp-block-button is-style-fill\"><a class=\"wp-block-button__link has-white-background-color has-background wp-element-button\" href=\"https:\/\/www.facebook.com\/UTPresponsable\"><img loading=\"lazy\" decoding=\"async\" width=\"1280\" height=\"1280\" class=\"wp-image-61600\" style=\"width: 40px\" src=\"https:\/\/vicerrectorias.utp.edu.co\/responsabilidad-social\/wp-content\/uploads\/sites\/12\/facebook-6338507_1280-3.webp\" alt=\"\" srcset=\"https:\/\/vicerrectorias.utp.edu.co\/responsabilidad-social\/wp-content\/uploads\/sites\/12\/facebook-6338507_1280-3.webp 1280w, https:\/\/vicerrectorias.utp.edu.co\/responsabilidad-social\/wp-content\/uploads\/sites\/12\/facebook-6338507_1280-3-300x300.webp 300w, https:\/\/vicerrectorias.utp.edu.co\/responsabilidad-social\/wp-content\/uploads\/sites\/12\/facebook-6338507_1280-3-1024x1024.webp 1024w, https:\/\/vicerrectorias.utp.edu.co\/responsabilidad-social\/wp-content\/uploads\/sites\/12\/facebook-6338507_1280-3-150x150.webp 150w, https:\/\/vicerrectorias.utp.edu.co\/responsabilidad-social\/wp-content\/uploads\/sites\/12\/facebook-6338507_1280-3-768x768.webp 768w\" sizes=\"auto, (max-width: 1280px) 100vw, 1280px\" \/><\/a><\/div>\n\n\n\n<div class=\"wp-block-button is-style-fill\"><a class=\"wp-block-button__link has-black-color has-white-background-color has-text-color has-background has-link-color wp-element-button\" href=\"https:\/\/vicerrectorias.utp.edu.co\/responsabilidad-social\/\">Pagina <br>web<\/a><\/div>\n<\/div>\n","protected":false},"excerpt":{"rendered":"<p>Unirse al grupo de baile folcl\u00f3rico de la Universidad Tecnol\u00f3gica de Pereira es una oportunidad \u00fanica para ser parte de [&hellip;]<\/p>\n","protected":false},"author":23,"featured_media":61931,"comment_status":"open","ping_status":"open","sticky":false,"template":"","format":"standard","meta":{"footnotes":""},"categories":[3],"tags":[],"class_list":["post-61943","post","type-post","status-publish","format-standard","has-post-thumbnail","hentry","category-noticias"],"_links":{"self":[{"href":"https:\/\/vicerrectorias.utp.edu.co\/responsabilidad-social\/wp-json\/wp\/v2\/posts\/61943","targetHints":{"allow":["GET"]}}],"collection":[{"href":"https:\/\/vicerrectorias.utp.edu.co\/responsabilidad-social\/wp-json\/wp\/v2\/posts"}],"about":[{"href":"https:\/\/vicerrectorias.utp.edu.co\/responsabilidad-social\/wp-json\/wp\/v2\/types\/post"}],"author":[{"embeddable":true,"href":"https:\/\/vicerrectorias.utp.edu.co\/responsabilidad-social\/wp-json\/wp\/v2\/users\/23"}],"replies":[{"embeddable":true,"href":"https:\/\/vicerrectorias.utp.edu.co\/responsabilidad-social\/wp-json\/wp\/v2\/comments?post=61943"}],"version-history":[{"count":5,"href":"https:\/\/vicerrectorias.utp.edu.co\/responsabilidad-social\/wp-json\/wp\/v2\/posts\/61943\/revisions"}],"predecessor-version":[{"id":61960,"href":"https:\/\/vicerrectorias.utp.edu.co\/responsabilidad-social\/wp-json\/wp\/v2\/posts\/61943\/revisions\/61960"}],"wp:featuredmedia":[{"embeddable":true,"href":"https:\/\/vicerrectorias.utp.edu.co\/responsabilidad-social\/wp-json\/wp\/v2\/media\/61931"}],"wp:attachment":[{"href":"https:\/\/vicerrectorias.utp.edu.co\/responsabilidad-social\/wp-json\/wp\/v2\/media?parent=61943"}],"wp:term":[{"taxonomy":"category","embeddable":true,"href":"https:\/\/vicerrectorias.utp.edu.co\/responsabilidad-social\/wp-json\/wp\/v2\/categories?post=61943"},{"taxonomy":"post_tag","embeddable":true,"href":"https:\/\/vicerrectorias.utp.edu.co\/responsabilidad-social\/wp-json\/wp\/v2\/tags?post=61943"}],"curies":[{"name":"wp","href":"https:\/\/api.w.org\/{rel}","templated":true}]}}