{"id":6191,"date":"2019-07-23T10:37:15","date_gmt":"2019-07-23T08:37:15","guid":{"rendered":""},"modified":"2024-08-20T13:49:03","modified_gmt":"2024-08-20T11:49:03","slug":"revision-de-avances-del-nuevo-pdi-y-proceso-de-rea","status":"publish","type":"post","link":"https:\/\/vicerrectorias.utp.edu.co\/responsabilidad-social\/revision-de-avances-del-nuevo-pdi-y-proceso-de-rea\/","title":{"rendered":"Revisi\u00f3n de avances del Nuevo PDI y Proceso de Rea"},"content":{"rendered":"\n<p><span class=\"post-content__span\"> Revisi\u00f3n de avances del Nuevo PDI y Proceso de Reacreditaci\u00f3n, en el Comit\u00e9 del Sistema de Gerencia del Plan<\/p>\n\n\n\n<p><span class=\"post-content__span\"> <img decoding=\"async\" src=\"https:\/\/comunicaciones.utp.edu.co\/wp-content\/uploads\/sites\/2\/pdi-22-de-julio.jpg\"><\/p>\n\n\n\n<p><span class=\"post-content__span\"> Un an\u00e1lisis y ajustes a los impulsores estrat\u00e9gicos, as\u00ed como la revisi\u00f3n de los avances del Nuevo Plan de Desarrollo Institucional y el proceso de Reacreditaci\u00f3n Institucional, se hizo en la reuni\u00f3n del Comit\u00e9 del Sistema de Gerencia del Plan.<\/p>\n\n\n\n<p><span class=\"post-content__span\"> En la plenaria de la mesa, se revisaron cada uno de los once (11) impulsores, basados en la misi\u00f3n de la UTP y alienados al PEI, as\u00ed mismo se analiz\u00f3 el panorama tanto del contexto nacional&nbsp;como&nbsp;del internacional, toda vez que las apuestas est\u00e1n planteadas a 9 a\u00f1os, 2020-2028.<\/p>\n\n\n\n<p><span class=\"post-content__span\"> En una primera parte de la jornada, se hizo una revisi\u00f3n del camino recorrido, partiendo del aprestamiento; proceso de levantamiento de la informaci\u00f3n y preparaci\u00f3n metodol\u00f3gica; el Diagn\u00f3stico Institucional que tuvo como evento central las Mesas de Discusi\u00f3n realizadas en diciembre de 2018; el taller con un experto internacional, hasta llegar a la propuesta de Direccionamiento Estrat\u00e9gico, etapa que est\u00e1 hoy en ejecuci\u00f3n, por parte de las redes de trabajo de cada una de las Tem\u00e1ticas de Discusi\u00f3n.<\/p>\n\n\n\n<p><span class=\"post-content__span\"> Todo este proceso, permite consolidar un documento que recoge las apuestas y propuestas formuladas, con el aporte y acompa\u00f1amiento de todos los estamentos, que han participado a lo largo de estos dos a\u00f1os en distintos espacios de debate y deliberaci\u00f3n, para afianzar la nueva bit\u00e1cora de la UTP a trav\u00e9s de su Plan de Desarrollo Institucional 2020-2028.<\/p>\n\n\n\n<p><span class=\"post-content__span\"> <em>Una vez la propuesta de Direccionamiento Estrat\u00e9gico est\u00e9 consolidada, pasar\u00e1 a las Mesas de Participaci\u00f3n, espacio que contar\u00e1 con la presencia de todos los estamentos: estudiantes, docentes, administrativos, padres de familia, aliados estrat\u00e9gicos y sociedad civil, para que lo retroalimenten y aporten sus ideas a este proceso de construcci\u00f3n colectiva y participativa, porque sus aportes son fundamentales para construir el futuro del pa\u00eds.<\/em><\/p>\n\n\n\n<p><span class=\"post-content__span\"> Si quieres conocer m\u00e1s detalles del nuevo Plan de Desarrollo Institucional y el proceso de Reacreditaci\u00f3n Institucional, ingresa a&nbsp;<a href=\"https:\/\/www.utp.edu.co\/pegatealplan\/\">www.utp.edu.co\/pegatealplan\/<\/a><\/p>\n\n\n\n<p><span class=\"post-content__span\"> <em><strong>\u00a1Ven p\u00e9gate al Plan! Camino a la reacreditaci\u00f3n institucional<\/strong><\/em><\/p>\n\n\n\n<p><span class=\"post-content__span\"> <a href=\"https:\/\/photos.app.goo.gl\/AdEYxUXATDrtUPuL6\">Ver todas las fotograf\u00edas<\/a><\/p>\n","protected":false},"excerpt":{"rendered":"<p>Revisi\u00f3n de avances del Nuevo PDI y Proceso de Reacreditaci\u00f3n, en el Comit\u00e9 del Sistema de Gerencia del Plan Un [&hellip;]<\/p>\n","protected":false},"author":0,"featured_media":60461,"comment_status":"closed","ping_status":"closed","sticky":false,"template":"","format":"standard","meta":{"footnotes":""},"categories":[3],"tags":[],"class_list":["post-6191","post","type-post","status-publish","format-standard","has-post-thumbnail","hentry","category-noticias"],"_links":{"self":[{"href":"https:\/\/vicerrectorias.utp.edu.co\/responsabilidad-social\/wp-json\/wp\/v2\/posts\/6191","targetHints":{"allow":["GET"]}}],"collection":[{"href":"https:\/\/vicerrectorias.utp.edu.co\/responsabilidad-social\/wp-json\/wp\/v2\/posts"}],"about":[{"href":"https:\/\/vicerrectorias.utp.edu.co\/responsabilidad-social\/wp-json\/wp\/v2\/types\/post"}],"replies":[{"embeddable":true,"href":"https:\/\/vicerrectorias.utp.edu.co\/responsabilidad-social\/wp-json\/wp\/v2\/comments?post=6191"}],"version-history":[{"count":3,"href":"https:\/\/vicerrectorias.utp.edu.co\/responsabilidad-social\/wp-json\/wp\/v2\/posts\/6191\/revisions"}],"predecessor-version":[{"id":61272,"href":"https:\/\/vicerrectorias.utp.edu.co\/responsabilidad-social\/wp-json\/wp\/v2\/posts\/6191\/revisions\/61272"}],"wp:featuredmedia":[{"embeddable":true,"href":"https:\/\/vicerrectorias.utp.edu.co\/responsabilidad-social\/wp-json\/wp\/v2\/media\/60461"}],"wp:attachment":[{"href":"https:\/\/vicerrectorias.utp.edu.co\/responsabilidad-social\/wp-json\/wp\/v2\/media?parent=6191"}],"wp:term":[{"taxonomy":"category","embeddable":true,"href":"https:\/\/vicerrectorias.utp.edu.co\/responsabilidad-social\/wp-json\/wp\/v2\/categories?post=6191"},{"taxonomy":"post_tag","embeddable":true,"href":"https:\/\/vicerrectorias.utp.edu.co\/responsabilidad-social\/wp-json\/wp\/v2\/tags?post=6191"}],"curies":[{"name":"wp","href":"https:\/\/api.w.org\/{rel}","templated":true}]}}