{"id":61909,"date":"2025-02-04T22:31:14","date_gmt":"2025-02-04T21:31:14","guid":{"rendered":"https:\/\/vicerrectorias.utp.edu.co\/responsabilidad-social\/?p=61909"},"modified":"2025-02-12T21:32:12","modified_gmt":"2025-02-12T20:32:12","slug":"apertura-al-sistema-de-apoyos-socioeconomicos","status":"publish","type":"post","link":"https:\/\/vicerrectorias.utp.edu.co\/responsabilidad-social\/apertura-al-sistema-de-apoyos-socioeconomicos\/","title":{"rendered":"APERTURA AL SISTEMA DE APOYOS SOCIOECON\u00d3MICOS"},"content":{"rendered":"\n<hr class=\"wp-block-separator has-alpha-channel-opacity\" \/>\n\n\n\n<div style=\"height:19px\" aria-hidden=\"true\" class=\"wp-block-spacer\"><\/div>\n\n\n<div class=\"wp-block-image is-style-default\">\n<figure class=\"aligncenter size-large is-resized\"><img decoding=\"async\" src=\"https:\/\/vicerrectorias.utp.edu.co\/responsabilidad-social\/wp-content\/uploads\/sites\/12\/WhatsApp-Image-2025-02-04-at-10.05.20-AM-819x1024.jpeg\" alt=\"\" class=\"wp-image-61910\" style=\"aspect-ratio:0.8622222222222222;object-fit:contain;width:669px;height:auto\" \/><\/figure>\n<\/div>\n\n\n<div style=\"height:30px\" aria-hidden=\"true\" class=\"wp-block-spacer\"><\/div>\n\n\n\n<hr class=\"wp-block-separator has-alpha-channel-opacity\" \/>\n\n\n\n<div style=\"height:31px\" aria-hidden=\"true\" class=\"wp-block-spacer\"><\/div>\n\n\n\n<p><span class=\"post-content__span\"> La Vicerrector\u00eda de Responsabilidad Social y Bienestar Universitario informa que desde el 3 hasta el 17 de febrero de 2025, se encuentra abierto el sistema de solicitudes para los apoyos socioecon\u00f3micos. Los apoyos disponibles son:<\/p>\n\n\n\n<ul class=\"wp-block-list\">\n<li>Bono Alimenticio<\/li>\n\n\n\n<li>Monitoria Social<\/li>\n\n\n\n<li>Bono de Matr\u00edcula<\/li>\n\n\n\n<li>Reliquidaci\u00f3n de Matr\u00edcula<\/li>\n\n\n\n<li>M\u00f3dulos de Ventas<\/li>\n\n\n\n<li>Bono de Transporte<\/li>\n<\/ul>\n\n\n\n<p><span class=\"post-content__span\"> Es importante tener en cuenta que los apoyos se asignan seg\u00fan el nivel de vulnerabilidad de los estudiantes y la disponibilidad de cupos, dependiendo de la capacidad financiera. Para obtener m\u00e1s detalles sobre los requisitos y la documentaci\u00f3n necesaria, puedes consultar la informaci\u00f3n completa en el siguiente enlace:<\/p>\n\n\n\n<div class=\"wp-block-buttons is-content-justification-center is-layout-flex wp-container-core-buttons-is-layout-16018d1d wp-block-buttons-is-layout-flex\">\n<div class=\"wp-block-button\"><a class=\"wp-block-button__link has-text-align-center wp-element-button\" href=\"https:\/\/blog.utp.edu.co\/observatoriosocial\/resultados\/\">Click aqui para consultar<\/a><\/div>\n<\/div>\n\n\n\n<p><span class=\"post-content__span\"> Si prefieres hacerlo en persona, tambi\u00e9n puedes acercarte a las oficinas de Trabajo Social, ubicadas en el Edificio N\u00b02, segundo piso de la Vicerrector\u00eda de Responsabilidad Social y Bienestar Universitario, en el horario de oficina.<\/p>\n\n\n\n<p><span class=\"post-content__span\"> Los resultados de las solicitudes de apoyo podr\u00e1n consultarse a trav\u00e9s de la p\u00e1gina:<\/p>\n\n\n\n<div class=\"wp-block-buttons is-content-justification-center is-layout-flex wp-container-core-buttons-is-layout-16018d1d wp-block-buttons-is-layout-flex\">\n<div class=\"wp-block-button\"><a class=\"wp-block-button__link has-text-align-center wp-element-button\" href=\"https:\/\/blog.utp.edu.co\/observatoriosocial\/resultados\/\">Click aqui para consultar<\/a><\/div>\n<\/div>\n\n\n\n<p><span class=\"post-content__span\"> \u00a1No dejes pasar esta oportunidad y aseg\u00farate de realizar tu solicitud dentro del plazo!<\/p>\n\n\n\n<div style=\"height:25px\" aria-hidden=\"true\" class=\"wp-block-spacer\"><\/div>\n\n\n\n<hr class=\"wp-block-separator has-alpha-channel-opacity\" \/>\n","protected":false},"excerpt":{"rendered":"<p>La Vicerrector\u00eda de Responsabilidad Social y Bienestar Universitario informa que desde el 3 hasta el 17 de febrero de 2025, [&hellip;]<\/p>\n","protected":false},"author":22,"featured_media":61910,"comment_status":"open","ping_status":"open","sticky":false,"template":"","format":"standard","meta":{"footnotes":""},"categories":[3],"tags":[11],"class_list":["post-61909","post","type-post","status-publish","format-standard","has-post-thumbnail","hentry","category-noticias","tag-utp"],"_links":{"self":[{"href":"https:\/\/vicerrectorias.utp.edu.co\/responsabilidad-social\/wp-json\/wp\/v2\/posts\/61909","targetHints":{"allow":["GET"]}}],"collection":[{"href":"https:\/\/vicerrectorias.utp.edu.co\/responsabilidad-social\/wp-json\/wp\/v2\/posts"}],"about":[{"href":"https:\/\/vicerrectorias.utp.edu.co\/responsabilidad-social\/wp-json\/wp\/v2\/types\/post"}],"author":[{"embeddable":true,"href":"https:\/\/vicerrectorias.utp.edu.co\/responsabilidad-social\/wp-json\/wp\/v2\/users\/22"}],"replies":[{"embeddable":true,"href":"https:\/\/vicerrectorias.utp.edu.co\/responsabilidad-social\/wp-json\/wp\/v2\/comments?post=61909"}],"version-history":[{"count":15,"href":"https:\/\/vicerrectorias.utp.edu.co\/responsabilidad-social\/wp-json\/wp\/v2\/posts\/61909\/revisions"}],"predecessor-version":[{"id":61967,"href":"https:\/\/vicerrectorias.utp.edu.co\/responsabilidad-social\/wp-json\/wp\/v2\/posts\/61909\/revisions\/61967"}],"wp:featuredmedia":[{"embeddable":true,"href":"https:\/\/vicerrectorias.utp.edu.co\/responsabilidad-social\/wp-json\/wp\/v2\/media\/61910"}],"wp:attachment":[{"href":"https:\/\/vicerrectorias.utp.edu.co\/responsabilidad-social\/wp-json\/wp\/v2\/media?parent=61909"}],"wp:term":[{"taxonomy":"category","embeddable":true,"href":"https:\/\/vicerrectorias.utp.edu.co\/responsabilidad-social\/wp-json\/wp\/v2\/categories?post=61909"},{"taxonomy":"post_tag","embeddable":true,"href":"https:\/\/vicerrectorias.utp.edu.co\/responsabilidad-social\/wp-json\/wp\/v2\/tags?post=61909"}],"curies":[{"name":"wp","href":"https:\/\/api.w.org\/{rel}","templated":true}]}}