{"id":61822,"date":"2024-11-19T20:49:51","date_gmt":"2024-11-19T19:49:51","guid":{"rendered":"https:\/\/vicerrectorias.utp.edu.co\/responsabilidad-social\/?p=61822"},"modified":"2024-11-19T20:54:44","modified_gmt":"2024-11-19T19:54:44","slug":"competencia-departamental-de-powerlifting","status":"publish","type":"post","link":"https:\/\/vicerrectorias.utp.edu.co\/responsabilidad-social\/competencia-departamental-de-powerlifting\/","title":{"rendered":"COMPETENCIA DEPARTAMENTAL DE POWERLIFTING"},"content":{"rendered":"\n<p><span class=\"post-content__span\"> Prep\u00e1rate para vivir la emoci\u00f3n y la intensidad del Powerlifting en la Competencia Departamental que reunir\u00e1 a los atletas m\u00e1s destacados de la regi\u00f3n.<br>Un d\u00eda cargado de fuerza, t\u00e9cnica y adrenalina donde los mejores competir\u00e1n por demostrar su capacidad.<\/p>\n\n\n\n<p><span class=\"post-content__span\"> \u00a1Te esperamos para compartir juntos la pasi\u00f3n por el deporte y el esfuerzo!<\/p>\n\n\n\n<p><span class=\"post-content__span\"> Link de Inscripci\u00f3n\u26d3\ufe0f\u200d\ud83d\udca5\u2b07\ufe0f<br><a href=\"https:\/\/forms.gle\/v676hVHgZm16tRUA7\">https:\/\/forms.gle\/v676hVHgZm16tRUA7<\/a><\/p>\n\n\n<div class=\"wp-block-image\">\n<figure class=\"aligncenter size-large is-resized\"><img loading=\"lazy\" decoding=\"async\" width=\"576\" height=\"1024\" src=\"https:\/\/vicerrectorias.utp.edu.co\/responsabilidad-social\/wp-content\/uploads\/sites\/12\/Imagen-de-WhatsApp-2024-11-19-a-las-14.48.30_4faee97c-576x1024.jpg\" alt=\"\" class=\"wp-image-61824\" style=\"width:498px;height:auto\" srcset=\"https:\/\/vicerrectorias.utp.edu.co\/responsabilidad-social\/wp-content\/uploads\/sites\/12\/Imagen-de-WhatsApp-2024-11-19-a-las-14.48.30_4faee97c-576x1024.jpg 576w, https:\/\/vicerrectorias.utp.edu.co\/responsabilidad-social\/wp-content\/uploads\/sites\/12\/Imagen-de-WhatsApp-2024-11-19-a-las-14.48.30_4faee97c-169x300.jpg 169w, https:\/\/vicerrectorias.utp.edu.co\/responsabilidad-social\/wp-content\/uploads\/sites\/12\/Imagen-de-WhatsApp-2024-11-19-a-las-14.48.30_4faee97c-768x1365.jpg 768w, https:\/\/vicerrectorias.utp.edu.co\/responsabilidad-social\/wp-content\/uploads\/sites\/12\/Imagen-de-WhatsApp-2024-11-19-a-las-14.48.30_4faee97c-864x1536.jpg 864w, https:\/\/vicerrectorias.utp.edu.co\/responsabilidad-social\/wp-content\/uploads\/sites\/12\/Imagen-de-WhatsApp-2024-11-19-a-las-14.48.30_4faee97c.jpg 900w\" sizes=\"auto, (max-width: 576px) 100vw, 576px\" \/><\/figure>\n<\/div>","protected":false},"excerpt":{"rendered":"<p>Prep\u00e1rate para vivir la emoci\u00f3n y la intensidad del Powerlifting en la Competencia Departamental que reunir\u00e1 a los atletas m\u00e1s [&hellip;]<\/p>\n","protected":false},"author":23,"featured_media":61828,"comment_status":"open","ping_status":"open","sticky":false,"template":"","format":"standard","meta":{"footnotes":""},"categories":[3],"tags":[],"class_list":["post-61822","post","type-post","status-publish","format-standard","has-post-thumbnail","hentry","category-noticias"],"_links":{"self":[{"href":"https:\/\/vicerrectorias.utp.edu.co\/responsabilidad-social\/wp-json\/wp\/v2\/posts\/61822","targetHints":{"allow":["GET"]}}],"collection":[{"href":"https:\/\/vicerrectorias.utp.edu.co\/responsabilidad-social\/wp-json\/wp\/v2\/posts"}],"about":[{"href":"https:\/\/vicerrectorias.utp.edu.co\/responsabilidad-social\/wp-json\/wp\/v2\/types\/post"}],"author":[{"embeddable":true,"href":"https:\/\/vicerrectorias.utp.edu.co\/responsabilidad-social\/wp-json\/wp\/v2\/users\/23"}],"replies":[{"embeddable":true,"href":"https:\/\/vicerrectorias.utp.edu.co\/responsabilidad-social\/wp-json\/wp\/v2\/comments?post=61822"}],"version-history":[{"count":3,"href":"https:\/\/vicerrectorias.utp.edu.co\/responsabilidad-social\/wp-json\/wp\/v2\/posts\/61822\/revisions"}],"predecessor-version":[{"id":61826,"href":"https:\/\/vicerrectorias.utp.edu.co\/responsabilidad-social\/wp-json\/wp\/v2\/posts\/61822\/revisions\/61826"}],"wp:featuredmedia":[{"embeddable":true,"href":"https:\/\/vicerrectorias.utp.edu.co\/responsabilidad-social\/wp-json\/wp\/v2\/media\/61828"}],"wp:attachment":[{"href":"https:\/\/vicerrectorias.utp.edu.co\/responsabilidad-social\/wp-json\/wp\/v2\/media?parent=61822"}],"wp:term":[{"taxonomy":"category","embeddable":true,"href":"https:\/\/vicerrectorias.utp.edu.co\/responsabilidad-social\/wp-json\/wp\/v2\/categories?post=61822"},{"taxonomy":"post_tag","embeddable":true,"href":"https:\/\/vicerrectorias.utp.edu.co\/responsabilidad-social\/wp-json\/wp\/v2\/tags?post=61822"}],"curies":[{"name":"wp","href":"https:\/\/api.w.org\/{rel}","templated":true}]}}