{"id":6181,"date":"2019-07-23T09:23:19","date_gmt":"2019-07-23T07:23:19","guid":{"rendered":""},"modified":"2024-08-15T15:52:37","modified_gmt":"2024-08-15T13:52:37","slug":"directivas-utp-dieron-la-bienvenida-a-familias-utp","status":"publish","type":"post","link":"https:\/\/vicerrectorias.utp.edu.co\/responsabilidad-social\/directivas-utp-dieron-la-bienvenida-a-familias-utp\/","title":{"rendered":"Directivas UTP dieron la bienvenida a familias UTP"},"content":{"rendered":"\n<div>\n<p><span class=\"post-content__span\"> Directivas UTP dieron la bienvenida a los padres de familia y estudiantes nuevos<\/p>\n<\/div>\n\n\n\n<div>\n<div>\n<div>&nbsp;<\/div>\n<\/div>\n<div>\n<div>\n<p><span class=\"post-content__span\"> <span><img decoding=\"async\" src=\"https:\/\/comunicaciones.utp.edu.co\/wp-content\/uploads\/sites\/2\/New-Project-46-.jpg\">En el marco de la semana de adaptaci\u00f3n acad\u00e9mica, las directivas de la Universidad Tecnol\u00f3gica de Pereira dieron la bienvenida a los padres de familia, acudientes y nuevos estudiantes estudiantes del segundo semestre acad\u00e9mico 2019.<\/span><\/p>\n<p><span class=\"post-content__span\"> Durante el evento los padres de familia conocieron las diferentes instancias de la UTP que sirven de apoyo en el proceso de formaci\u00f3n estudiantil, en esta jornada se ponen al servicio de los acudientes los espacios de acompa\u00f1amiento con los que cuenta la instituci\u00f3n.<\/p>\n<p><span class=\"post-content__span\"> <span>Jhonier Gilberto&nbsp;<\/span><span>Guerrero Erazo, Vicerrector Acad\u00e9mico de la Universidad Tecnol\u00f3gica de Pereira, dio la bienvenida a los padres de familia, los invit\u00f3 a participar activamente del proceso acad\u00e9mico de sus hijos.&nbsp;<\/span><\/p>\n<p><span class=\"post-content__span\"> Cada semestre se realiza este encuentro en el que se presenta oficialmente la Asociaci\u00f3n de Padres de Familia y las directivas de la Universidad Tecnol\u00f3gica a los padres y acudieres de los nuevos alumnos.<\/p>\n<p><span class=\"post-content__span\"> <span><strong><a href=\"https:\/\/photos.app.goo.gl\/tbqYZTAFfQ5uJ75E9\" target=\"_blank\" rel=\"noopener noreferrer\">Ver todas las fotograf\u00edas del evento<\/a><\/strong><\/span><\/p>\n<figure><img decoding=\"async\" src=\"https:\/\/comunicaciones.utp.edu.co\/wp-content\/uploads\/sites\/2\/Estudiantes4.jpg\"><\/figure><p><span class=\"post-content__span\"> <span><strong><\/strong><\/span><\/p>\n<figure><img decoding=\"async\" src=\"https:\/\/comunicaciones.utp.edu.co\/wp-content\/uploads\/sites\/2\/Estudiantes2.jpg\"><\/figure><p><span class=\"post-content__span\"> <span><strong><\/strong><\/span><\/p>\n<\/div>\n<\/div>\n<\/div>\n","protected":false},"excerpt":{"rendered":"<p>Directivas UTP dieron la bienvenida a los padres de familia y estudiantes nuevos &nbsp; En el marco de la semana [&hellip;]<\/p>\n","protected":false},"author":0,"featured_media":60460,"comment_status":"closed","ping_status":"closed","sticky":false,"template":"","format":"standard","meta":{"footnotes":""},"categories":[3],"tags":[],"class_list":["post-6181","post","type-post","status-publish","format-standard","has-post-thumbnail","hentry","category-noticias"],"_links":{"self":[{"href":"https:\/\/vicerrectorias.utp.edu.co\/responsabilidad-social\/wp-json\/wp\/v2\/posts\/6181","targetHints":{"allow":["GET"]}}],"collection":[{"href":"https:\/\/vicerrectorias.utp.edu.co\/responsabilidad-social\/wp-json\/wp\/v2\/posts"}],"about":[{"href":"https:\/\/vicerrectorias.utp.edu.co\/responsabilidad-social\/wp-json\/wp\/v2\/types\/post"}],"replies":[{"embeddable":true,"href":"https:\/\/vicerrectorias.utp.edu.co\/responsabilidad-social\/wp-json\/wp\/v2\/comments?post=6181"}],"version-history":[{"count":1,"href":"https:\/\/vicerrectorias.utp.edu.co\/responsabilidad-social\/wp-json\/wp\/v2\/posts\/6181\/revisions"}],"predecessor-version":[{"id":9001,"href":"https:\/\/vicerrectorias.utp.edu.co\/responsabilidad-social\/wp-json\/wp\/v2\/posts\/6181\/revisions\/9001"}],"wp:featuredmedia":[{"embeddable":true,"href":"https:\/\/vicerrectorias.utp.edu.co\/responsabilidad-social\/wp-json\/wp\/v2\/media\/60460"}],"wp:attachment":[{"href":"https:\/\/vicerrectorias.utp.edu.co\/responsabilidad-social\/wp-json\/wp\/v2\/media?parent=6181"}],"wp:term":[{"taxonomy":"category","embeddable":true,"href":"https:\/\/vicerrectorias.utp.edu.co\/responsabilidad-social\/wp-json\/wp\/v2\/categories?post=6181"},{"taxonomy":"post_tag","embeddable":true,"href":"https:\/\/vicerrectorias.utp.edu.co\/responsabilidad-social\/wp-json\/wp\/v2\/tags?post=6181"}],"curies":[{"name":"wp","href":"https:\/\/api.w.org\/{rel}","templated":true}]}}