{"id":61788,"date":"2024-11-14T22:47:08","date_gmt":"2024-11-14T21:47:08","guid":{"rendered":"https:\/\/vicerrectorias.utp.edu.co\/responsabilidad-social\/?p=61788"},"modified":"2024-11-14T23:05:01","modified_gmt":"2024-11-14T22:05:01","slug":"foro-habla-comparte-y-vive","status":"publish","type":"post","link":"https:\/\/vicerrectorias.utp.edu.co\/responsabilidad-social\/foro-habla-comparte-y-vive\/","title":{"rendered":"Foro Habla, comparte y\u00a0vive"},"content":{"rendered":"\n<p><span class=\"post-content__span\"> En el marco de la estrategia \u00abHabla, Comparte y Vive\u00bb, la Universidad Tecnol\u00f3gica organiz\u00f3 un foro enfocado en la prevenci\u00f3n de conductas y comportamientos suicidas. El Dr. Henry Osorio, m\u00e9dico laboral de la universidad, fue uno de los invitados especiales, quien subray\u00f3 la importancia de sensibilizar y socializar esta problem\u00e1tica en la comunidad universitaria. Durante su intervenci\u00f3n, el Dr. Osorio resalt\u00f3 la necesidad de que cada miembro de la universidad se convierta en un actor activo en la prevenci\u00f3n del suicidio. Al identificar a personas en riesgo y fomentar un entorno de apoyo, la comunidad universitaria puede contribuir a reducir esta tragedia humana y social. La iniciativa busca no solo crear conciencia, sino tambi\u00e9n generar herramientas que ayuden a identificar se\u00f1ales de alerta y brindar un\u00a0apoyo\u00a0oportuno.<\/p>\n\n\n\n<p><span class=\"post-content__span\"> El objetivo es identificar y responder a se\u00f1ales de alerta de comportamiento suicida, tales como conductas autolesivas, p\u00e9rdida de inter\u00e9s, expresiones de desesperanza, actos de despedida, irritabilidad y des\u00e1nimo.<\/p>\n\n\n\n<p><span class=\"post-content__span\"> Para estudiantes, la ruta de atenci\u00f3n incluye:<\/p>\n\n\n\n<p><span class=\"post-content__span\"> Contactar la l\u00ednea de emergencias UTP: (606) 3137411.<br>Solicitar apoyo a un guardia de seguridad para contactar la brigada de emergencias.<br>Dirigirse al edificio 2, en el \u00e1rea de promoci\u00f3n de la salud.<br>Para administrativos y docentes, los recursos incluyen:<\/p>\n\n\n\n<p><span class=\"post-content__span\"> Seguridad y salud en el trabajo UTP, con atenci\u00f3n en primeros auxilios psicol\u00f3gicos, asesor\u00eda y remisi\u00f3n a entidades de salud. Tel\u00e9fono: (606) 3137472.<br>ARL Positiva, con un c\u00f3digo QR para acceso a m\u00e1s recursos.<br>L\u00ednea de emergencias UTP: (606) 3137411.<br>Adem\u00e1s, se ofrecen contactos de apoyo externo:<\/p>\n\n\n\n<p><span class=\"post-content__span\"> L\u00ednea amiga del municipio: 322 861 5710.<br>L\u00ednea amiga de la gobernaci\u00f3n:&nbsp;106.<\/p>\n\n\n<div class=\"wp-block-image\">\n<figure class=\"aligncenter size-large is-resized\"><img loading=\"lazy\" decoding=\"async\" width=\"589\" height=\"1024\" src=\"https:\/\/vicerrectorias.utp.edu.co\/responsabilidad-social\/wp-content\/uploads\/sites\/12\/Imagen-de-WhatsApp-2024-11-14-a-las-16.44.50_ac24527d-589x1024.jpg\" alt=\"\" class=\"wp-image-61790\" style=\"width:407px;height:auto\" srcset=\"https:\/\/vicerrectorias.utp.edu.co\/responsabilidad-social\/wp-content\/uploads\/sites\/12\/Imagen-de-WhatsApp-2024-11-14-a-las-16.44.50_ac24527d-589x1024.jpg 589w, https:\/\/vicerrectorias.utp.edu.co\/responsabilidad-social\/wp-content\/uploads\/sites\/12\/Imagen-de-WhatsApp-2024-11-14-a-las-16.44.50_ac24527d-173x300.jpg 173w, https:\/\/vicerrectorias.utp.edu.co\/responsabilidad-social\/wp-content\/uploads\/sites\/12\/Imagen-de-WhatsApp-2024-11-14-a-las-16.44.50_ac24527d.jpg 736w\" sizes=\"auto, (max-width: 589px) 100vw, 589px\" \/><\/figure>\n<\/div>\n\n\n<div style=\"height:15px\" aria-hidden=\"true\" class=\"wp-block-spacer\"><\/div>\n\n\n\n<p><span class=\"post-content__span\"> Esta ruta busca ofrecer un apoyo integral para identificar, abordar y acompa\u00f1ar a personas en riesgo, ayudando a prevenir el suicidio y promoviendo el bienestar dentro de la comunidad\u00a0universitaria.<\/p>\n\n\n\n<figure class=\"wp-block-image size-large\"><img loading=\"lazy\" decoding=\"async\" width=\"1024\" height=\"682\" src=\"https:\/\/vicerrectorias.utp.edu.co\/responsabilidad-social\/wp-content\/uploads\/sites\/12\/Imagen-de-WhatsApp-2024-11-14-a-las-15.01.21_6b24d564-1024x682.jpg\" alt=\"\" class=\"wp-image-61795\" srcset=\"https:\/\/vicerrectorias.utp.edu.co\/responsabilidad-social\/wp-content\/uploads\/sites\/12\/Imagen-de-WhatsApp-2024-11-14-a-las-15.01.21_6b24d564-1024x682.jpg 1024w, https:\/\/vicerrectorias.utp.edu.co\/responsabilidad-social\/wp-content\/uploads\/sites\/12\/Imagen-de-WhatsApp-2024-11-14-a-las-15.01.21_6b24d564-300x200.jpg 300w, https:\/\/vicerrectorias.utp.edu.co\/responsabilidad-social\/wp-content\/uploads\/sites\/12\/Imagen-de-WhatsApp-2024-11-14-a-las-15.01.21_6b24d564-768x512.jpg 768w, https:\/\/vicerrectorias.utp.edu.co\/responsabilidad-social\/wp-content\/uploads\/sites\/12\/Imagen-de-WhatsApp-2024-11-14-a-las-15.01.21_6b24d564-1536x1023.jpg 1536w, https:\/\/vicerrectorias.utp.edu.co\/responsabilidad-social\/wp-content\/uploads\/sites\/12\/Imagen-de-WhatsApp-2024-11-14-a-las-15.01.21_6b24d564.jpg 1600w\" sizes=\"auto, (max-width: 1024px) 100vw, 1024px\" \/><\/figure>\n\n\n\n<figure class=\"wp-block-image size-large\"><img loading=\"lazy\" decoding=\"async\" width=\"1024\" height=\"682\" src=\"https:\/\/vicerrectorias.utp.edu.co\/responsabilidad-social\/wp-content\/uploads\/sites\/12\/Imagen-de-WhatsApp-2024-11-14-a-las-15.01.22_ff978f91-1024x682.jpg\" alt=\"\" class=\"wp-image-61796\" srcset=\"https:\/\/vicerrectorias.utp.edu.co\/responsabilidad-social\/wp-content\/uploads\/sites\/12\/Imagen-de-WhatsApp-2024-11-14-a-las-15.01.22_ff978f91-1024x682.jpg 1024w, https:\/\/vicerrectorias.utp.edu.co\/responsabilidad-social\/wp-content\/uploads\/sites\/12\/Imagen-de-WhatsApp-2024-11-14-a-las-15.01.22_ff978f91-300x200.jpg 300w, https:\/\/vicerrectorias.utp.edu.co\/responsabilidad-social\/wp-content\/uploads\/sites\/12\/Imagen-de-WhatsApp-2024-11-14-a-las-15.01.22_ff978f91-768x512.jpg 768w, https:\/\/vicerrectorias.utp.edu.co\/responsabilidad-social\/wp-content\/uploads\/sites\/12\/Imagen-de-WhatsApp-2024-11-14-a-las-15.01.22_ff978f91-1536x1023.jpg 1536w, https:\/\/vicerrectorias.utp.edu.co\/responsabilidad-social\/wp-content\/uploads\/sites\/12\/Imagen-de-WhatsApp-2024-11-14-a-las-15.01.22_ff978f91.jpg 1600w\" sizes=\"auto, (max-width: 1024px) 100vw, 1024px\" \/><\/figure>\n\n\n\n<figure class=\"wp-block-image size-large\"><img loading=\"lazy\" decoding=\"async\" width=\"1066\" height=\"1600\" src=\"https:\/\/vicerrectorias.utp.edu.co\/responsabilidad-social\/wp-content\/uploads\/sites\/12\/Imagen-de-WhatsApp-2024-11-14-a-las-15.01.21_356ed385-edited.jpg\" alt=\"\" class=\"wp-image-61799\" srcset=\"https:\/\/vicerrectorias.utp.edu.co\/responsabilidad-social\/wp-content\/uploads\/sites\/12\/Imagen-de-WhatsApp-2024-11-14-a-las-15.01.21_356ed385-edited.jpg 1066w, https:\/\/vicerrectorias.utp.edu.co\/responsabilidad-social\/wp-content\/uploads\/sites\/12\/Imagen-de-WhatsApp-2024-11-14-a-las-15.01.21_356ed385-edited-200x300.jpg 200w, https:\/\/vicerrectorias.utp.edu.co\/responsabilidad-social\/wp-content\/uploads\/sites\/12\/Imagen-de-WhatsApp-2024-11-14-a-las-15.01.21_356ed385-edited-682x1024.jpg 682w, https:\/\/vicerrectorias.utp.edu.co\/responsabilidad-social\/wp-content\/uploads\/sites\/12\/Imagen-de-WhatsApp-2024-11-14-a-las-15.01.21_356ed385-edited-768x1153.jpg 768w, https:\/\/vicerrectorias.utp.edu.co\/responsabilidad-social\/wp-content\/uploads\/sites\/12\/Imagen-de-WhatsApp-2024-11-14-a-las-15.01.21_356ed385-edited-1023x1536.jpg 1023w\" sizes=\"auto, (max-width: 1066px) 100vw, 1066px\" \/><\/figure>\n","protected":false},"excerpt":{"rendered":"<p>En el marco de la estrategia \u00abHabla, Comparte y Vive\u00bb, la Universidad Tecnol\u00f3gica organiz\u00f3 un foro enfocado en la prevenci\u00f3n [&hellip;]<\/p>\n","protected":false},"author":23,"featured_media":61793,"comment_status":"open","ping_status":"open","sticky":false,"template":"","format":"standard","meta":{"footnotes":""},"categories":[3],"tags":[],"class_list":["post-61788","post","type-post","status-publish","format-standard","has-post-thumbnail","hentry","category-noticias"],"_links":{"self":[{"href":"https:\/\/vicerrectorias.utp.edu.co\/responsabilidad-social\/wp-json\/wp\/v2\/posts\/61788","targetHints":{"allow":["GET"]}}],"collection":[{"href":"https:\/\/vicerrectorias.utp.edu.co\/responsabilidad-social\/wp-json\/wp\/v2\/posts"}],"about":[{"href":"https:\/\/vicerrectorias.utp.edu.co\/responsabilidad-social\/wp-json\/wp\/v2\/types\/post"}],"author":[{"embeddable":true,"href":"https:\/\/vicerrectorias.utp.edu.co\/responsabilidad-social\/wp-json\/wp\/v2\/users\/23"}],"replies":[{"embeddable":true,"href":"https:\/\/vicerrectorias.utp.edu.co\/responsabilidad-social\/wp-json\/wp\/v2\/comments?post=61788"}],"version-history":[{"count":5,"href":"https:\/\/vicerrectorias.utp.edu.co\/responsabilidad-social\/wp-json\/wp\/v2\/posts\/61788\/revisions"}],"predecessor-version":[{"id":61800,"href":"https:\/\/vicerrectorias.utp.edu.co\/responsabilidad-social\/wp-json\/wp\/v2\/posts\/61788\/revisions\/61800"}],"wp:featuredmedia":[{"embeddable":true,"href":"https:\/\/vicerrectorias.utp.edu.co\/responsabilidad-social\/wp-json\/wp\/v2\/media\/61793"}],"wp:attachment":[{"href":"https:\/\/vicerrectorias.utp.edu.co\/responsabilidad-social\/wp-json\/wp\/v2\/media?parent=61788"}],"wp:term":[{"taxonomy":"category","embeddable":true,"href":"https:\/\/vicerrectorias.utp.edu.co\/responsabilidad-social\/wp-json\/wp\/v2\/categories?post=61788"},{"taxonomy":"post_tag","embeddable":true,"href":"https:\/\/vicerrectorias.utp.edu.co\/responsabilidad-social\/wp-json\/wp\/v2\/tags?post=61788"}],"curies":[{"name":"wp","href":"https:\/\/api.w.org\/{rel}","templated":true}]}}