{"id":61775,"date":"2024-11-13T23:02:47","date_gmt":"2024-11-13T22:02:47","guid":{"rendered":"https:\/\/vicerrectorias.utp.edu.co\/responsabilidad-social\/?p=61775"},"modified":"2024-11-13T23:35:48","modified_gmt":"2024-11-13T22:35:48","slug":"bono-de-transporte","status":"publish","type":"post","link":"https:\/\/vicerrectorias.utp.edu.co\/responsabilidad-social\/bono-de-transporte\/","title":{"rendered":"Bono se transporte aliando fundamental para los estudiantes\u00a0de\u00a0la\u00a0UTP"},"content":{"rendered":"\n<p><span class=\"post-content__span\"> El Bono de Transporte es un Aliado Fundamental para los Estudiantes de la Universidad Tecnol\u00f3gica de Pereira.<br>El acceso a la educaci\u00f3n superior es un derecho fundamental, pero tambi\u00e9n implica afrontar m\u00faltiples desaf\u00edos, entre ellos, el transporte. Para los estudiantes de la Universidad Tecnol\u00f3gica de Pereira, el bono de transporte se ha convertido en una herramienta clave para reducir las barreras econ\u00f3micas y facilitar su permanencia en la universidad.<br>Este bono no solo aligera la carga econ\u00f3mica del traslado, sino que tambi\u00e9n promueve la equidad, permitiendo que todos los estudiantes, independientemente de su situaci\u00f3n financiera, puedan acceder a una educaci\u00f3n de calidad sin que los costos de transporte sean un obst\u00e1culo. \ud83d\ude8c<br>As\u00ed, el bono de transporte se posiciona como un apoyo esencial para fomentar la inclusi\u00f3n, el bienestar estudiantil y el \u00e9xito acad\u00e9mico.<\/p>\n\n\n\n<h2 class=\"wp-block-heading\">Esto si es bienestar\u270c<\/h2>\n\n\n\n<p><span class=\"post-content__span\"> Todas la agenda y actividades las encuentran en nuestras p\u00e1ginas oficiales<br>\ud83d\udcf2 bienestarutp <a href=\"https:\/\/www.instagram.com\/bienestarutp\/profilecard\/?igsh=bmRqcHliamYzb3g1\">https:\/\/www.instagram.com\/bienestarutp\/profilecard\/?igsh=bmRqcHliamYzb3g1<\/a><br>\ud83d\udda5 Bienestar UTP <a href=\"https:\/\/www.facebook.com\/share\/YiTnTG2UzESdBfXY\/?mibextid=LQQJ4d\">https:\/\/www.facebook.com\/share\/YiTnTG2UzESdBfXY\/?mibextid=LQQJ4d<\/a><br>\ud83c\udf10 P\u00e1gina Web <a href=\"https:\/\/vicerrectorias.utp.edu.co\/responsabilidad-social\/\">https:\/\/vicerrectorias.utp.edu.co\/responsabilidad-social\/<\/a><\/p>\n\n\n\n<figure class=\"wp-block-video\"><video height=\"848\" style=\"aspect-ratio: 480 \/ 848;\" width=\"480\" controls src=\"https:\/\/vicerrectorias.utp.edu.co\/responsabilidad-social\/wp-content\/uploads\/sites\/12\/Video-de-WhatsApp-2024-11-13-a-las-16.55.04_83f6b513.mp4\"><\/video><\/figure>\n\n\n\n<figure class=\"wp-block-video\"><video height=\"848\" style=\"aspect-ratio: 480 \/ 848;\" width=\"480\" controls src=\"https:\/\/vicerrectorias.utp.edu.co\/responsabilidad-social\/wp-content\/uploads\/sites\/12\/Video-de-WhatsApp-2024-11-13-a-las-16.55.08_eb5facbb.mp4\"><\/video><\/figure>\n\n\n\n<figure class=\"wp-block-video\"><video height=\"848\" style=\"aspect-ratio: 480 \/ 848;\" width=\"480\" controls src=\"https:\/\/vicerrectorias.utp.edu.co\/responsabilidad-social\/wp-content\/uploads\/sites\/12\/Video-de-WhatsApp-2024-11-13-a-las-16.54.28_16e11384.mp4\"><\/video><\/figure>\n","protected":false},"excerpt":{"rendered":"<p>El Bono de Transporte es un Aliado Fundamental para los Estudiantes de la Universidad Tecnol\u00f3gica de Pereira.El acceso a la [&hellip;]<\/p>\n","protected":false},"author":23,"featured_media":0,"comment_status":"open","ping_status":"open","sticky":false,"template":"","format":"standard","meta":{"footnotes":""},"categories":[3],"tags":[],"class_list":["post-61775","post","type-post","status-publish","format-standard","hentry","category-noticias"],"_links":{"self":[{"href":"https:\/\/vicerrectorias.utp.edu.co\/responsabilidad-social\/wp-json\/wp\/v2\/posts\/61775","targetHints":{"allow":["GET"]}}],"collection":[{"href":"https:\/\/vicerrectorias.utp.edu.co\/responsabilidad-social\/wp-json\/wp\/v2\/posts"}],"about":[{"href":"https:\/\/vicerrectorias.utp.edu.co\/responsabilidad-social\/wp-json\/wp\/v2\/types\/post"}],"author":[{"embeddable":true,"href":"https:\/\/vicerrectorias.utp.edu.co\/responsabilidad-social\/wp-json\/wp\/v2\/users\/23"}],"replies":[{"embeddable":true,"href":"https:\/\/vicerrectorias.utp.edu.co\/responsabilidad-social\/wp-json\/wp\/v2\/comments?post=61775"}],"version-history":[{"count":4,"href":"https:\/\/vicerrectorias.utp.edu.co\/responsabilidad-social\/wp-json\/wp\/v2\/posts\/61775\/revisions"}],"predecessor-version":[{"id":61782,"href":"https:\/\/vicerrectorias.utp.edu.co\/responsabilidad-social\/wp-json\/wp\/v2\/posts\/61775\/revisions\/61782"}],"wp:attachment":[{"href":"https:\/\/vicerrectorias.utp.edu.co\/responsabilidad-social\/wp-json\/wp\/v2\/media?parent=61775"}],"wp:term":[{"taxonomy":"category","embeddable":true,"href":"https:\/\/vicerrectorias.utp.edu.co\/responsabilidad-social\/wp-json\/wp\/v2\/categories?post=61775"},{"taxonomy":"post_tag","embeddable":true,"href":"https:\/\/vicerrectorias.utp.edu.co\/responsabilidad-social\/wp-json\/wp\/v2\/tags?post=61775"}],"curies":[{"name":"wp","href":"https:\/\/api.w.org\/{rel}","templated":true}]}}