{"id":61755,"date":"2024-11-12T20:31:44","date_gmt":"2024-11-12T19:31:44","guid":{"rendered":"https:\/\/vicerrectorias.utp.edu.co\/responsabilidad-social\/?p=61755"},"modified":"2024-11-12T20:36:29","modified_gmt":"2024-11-12T19:36:29","slug":"lanzamiento-de-la-campana-para-la-prevencion-del-comportamiento-suicida","status":"publish","type":"post","link":"https:\/\/vicerrectorias.utp.edu.co\/responsabilidad-social\/lanzamiento-de-la-campana-para-la-prevencion-del-comportamiento-suicida\/","title":{"rendered":"lanzamiento de la campa\u00f1a para la prevenci\u00f3n del comportamiento suicida"},"content":{"rendered":"\n<p><span class=\"post-content__span\"> Lanzamiento de la campa\u00f1a para la prevenci\u00f3n del comportamiento suicida, un espacio de di\u00e1logo, sensibilizaci\u00f3n y reflexi\u00f3n sobre la salud mental y sus riesgos.<br>Acomp\u00e1\u00f1enos en este encuentro para fortalecer conocimientos y promover el bienestar de nuestra comunidad\u00a0universitaria.<\/p>\n\n\n<div class=\"wp-block-image\">\n<figure class=\"aligncenter size-large\"><img loading=\"lazy\" decoding=\"async\" width=\"576\" height=\"1024\" src=\"https:\/\/vicerrectorias.utp.edu.co\/responsabilidad-social\/wp-content\/uploads\/sites\/12\/Imagen-de-WhatsApp-2024-11-12-a-las-14.21.14_b4ac3799-576x1024.jpg\" alt=\"\" class=\"wp-image-61757\" \/><\/figure>\n<\/div>","protected":false},"excerpt":{"rendered":"<p>Lanzamiento de la campa\u00f1a para la prevenci\u00f3n del comportamiento suicida, un espacio de di\u00e1logo, sensibilizaci\u00f3n y reflexi\u00f3n sobre la salud [&hellip;]<\/p>\n","protected":false},"author":23,"featured_media":61761,"comment_status":"open","ping_status":"open","sticky":false,"template":"","format":"standard","meta":{"footnotes":""},"categories":[3],"tags":[],"class_list":["post-61755","post","type-post","status-publish","format-standard","has-post-thumbnail","hentry","category-noticias"],"_links":{"self":[{"href":"https:\/\/vicerrectorias.utp.edu.co\/responsabilidad-social\/wp-json\/wp\/v2\/posts\/61755","targetHints":{"allow":["GET"]}}],"collection":[{"href":"https:\/\/vicerrectorias.utp.edu.co\/responsabilidad-social\/wp-json\/wp\/v2\/posts"}],"about":[{"href":"https:\/\/vicerrectorias.utp.edu.co\/responsabilidad-social\/wp-json\/wp\/v2\/types\/post"}],"author":[{"embeddable":true,"href":"https:\/\/vicerrectorias.utp.edu.co\/responsabilidad-social\/wp-json\/wp\/v2\/users\/23"}],"replies":[{"embeddable":true,"href":"https:\/\/vicerrectorias.utp.edu.co\/responsabilidad-social\/wp-json\/wp\/v2\/comments?post=61755"}],"version-history":[{"count":2,"href":"https:\/\/vicerrectorias.utp.edu.co\/responsabilidad-social\/wp-json\/wp\/v2\/posts\/61755\/revisions"}],"predecessor-version":[{"id":61759,"href":"https:\/\/vicerrectorias.utp.edu.co\/responsabilidad-social\/wp-json\/wp\/v2\/posts\/61755\/revisions\/61759"}],"wp:featuredmedia":[{"embeddable":true,"href":"https:\/\/vicerrectorias.utp.edu.co\/responsabilidad-social\/wp-json\/wp\/v2\/media\/61761"}],"wp:attachment":[{"href":"https:\/\/vicerrectorias.utp.edu.co\/responsabilidad-social\/wp-json\/wp\/v2\/media?parent=61755"}],"wp:term":[{"taxonomy":"category","embeddable":true,"href":"https:\/\/vicerrectorias.utp.edu.co\/responsabilidad-social\/wp-json\/wp\/v2\/categories?post=61755"},{"taxonomy":"post_tag","embeddable":true,"href":"https:\/\/vicerrectorias.utp.edu.co\/responsabilidad-social\/wp-json\/wp\/v2\/tags?post=61755"}],"curies":[{"name":"wp","href":"https:\/\/api.w.org\/{rel}","templated":true}]}}