{"id":61715,"date":"2024-11-06T21:41:11","date_gmt":"2024-11-06T20:41:11","guid":{"rendered":"https:\/\/vicerrectorias.utp.edu.co\/responsabilidad-social\/?p=61715"},"modified":"2024-11-06T21:48:29","modified_gmt":"2024-11-06T20:48:29","slug":"movamonos-danzando-3","status":"publish","type":"post","link":"https:\/\/vicerrectorias.utp.edu.co\/responsabilidad-social\/movamonos-danzando-3\/","title":{"rendered":"MOV\u00c1MONOS DANZANDO"},"content":{"rendered":"\n<p><span class=\"post-content__span\"> El Festival Universitario de Baile, Cultura y Bienestar Mov\u00e1monos Danzando fue una acci\u00f3n muy satisfactoria y encerr\u00f3 el agradecimiento de todo el mundo universitario. Todos los participantes pudieron disfrutar de actividades din\u00e1micas e interactivas que les permitieron aprender nueva informaci\u00f3n que les ayud\u00f3 a incrementar sus comportamientos saludables a trav\u00e9s de un baile divertido. Este festival integrado de danza, Educaci\u00f3n F\u00edsica y cultura ayud\u00f3 a la comunidad de la UTP a descubrir la danza no solo como arte, sino tambi\u00e9n como una forma de vida m\u00e1s saludable, tanto f\u00edsica, mental y social.<\/p>\n\n\n\n<p><span class=\"post-content__span\"> <br>El festival incluy\u00f3 cinco eventos destacados:<\/p>\n\n\n\n<ol class=\"wp-block-list\">\n<li><strong>Talleres formativos en baile:<\/strong> Estos espacios permitieron aprender no s\u00f3lo los diferentes tipos de baile, que iban desde los modernos y tradicionales hasta break y del Vogue. Ellos se apropiaron de los talleres de flamenco, tango, champeta entre otros, donde participaron, en uni\u00f3n de los dem\u00e1s, en como la danza puede ser herramienta de expresi\u00f3n personal y colectiva. No solamente los talleres impulsaron a la acumulaci\u00f3n de nuevas habilidades, sino que adem\u00e1s abrieron las puertas hacia el aprecio cultural y art\u00edstico de las otras tradiciones y lograron un aprendizaje rec\u00edproco.<\/li>\n\n\n\n<li><strong>Ejercicio F\u00edsico Musicalizado:<\/strong> La actividad de rumba aer\u00f3bica y spinning musicalizado fue bien aceptada porque les proporcionan un ejercicio f\u00edsico acompa\u00f1ado de m\u00fasica que les hace sentir entusiasmad@s. Estas actividades demostraron que hacer ejercicio no tiene por qu\u00e9 ser aburrido ni repetitivo. A trav\u00e9s de la m\u00fasica, se logr\u00f3 una opci\u00f3n de ejercicio enriquecedor y liberador.<\/li>\n\n\n\n<li> <strong>Concurso Pareja Reina UTP:<\/strong> En este concurso las parejas se enfrentaron en un concurso de baile donde era posible no solo juzgar la destreza en el baile, pero el ingenio, carisma y esp\u00edritu de equipo. La competencia fue una de las actividades m\u00e1s en\u00e9rgicas de realizadas en el marco del festival, ya que resalt\u00f3 cuestiones de cooperaci\u00f3n y resistir mientras los competidores daban lo mejor de s\u00ed en el escenario.<\/li>\n\n\n\n<li><strong>Foro Baile, Cultura y Bienestar:<\/strong> Esta \u00e1rea del aprendizaje permiti\u00f3 analizar los efectos que el baile tiene no solo sobre la esfera f\u00edsica, sino tambi\u00e9n sobre la emocional y social y la capacidad de la actividad para transformar a la sociedad en lo que respeta. al asunto de la inclusi\u00f3n. Los caballeros y damas especializados en el tema contribuyeron con sus conocimientos e historias sobre c\u00f3mo la disciplina puede mejorar la salud general, reducir el estr\u00e9s, aumentar la autoestima de las personas y mejorar los v\u00ednculos entre las personas.<\/li>\n\n\n\n<li><strong>Noche de Clausura:<\/strong> La parte final con la que se cerr\u00f3 el evento fue un aut\u00e9ntico desfile de talentos. Las presentaciones de danza y ballet demostraron tener un espect\u00e1culo animado fomentando as\u00ed la diversidad cultural y art\u00edstica de los artistas. Esta noche de espaciado, se brind\u00f3 reconocimiento a los esfuerzos y habilidades de los participantes quienes dieron una representaci\u00f3n de todo lo aprendido y ense\u00f1ado\u00a0en\u00a0el\u00a0festival.<\/li>\n<\/ol>\n\n\n\n<p><span class=\"post-content__span\"> <strong>Post en Instagram:<\/strong> <a href=\"https:\/\/www.instagram.com\/p\/DCCxbX1x07Y\/?hl=es\">https:\/\/www.instagram.com\/p\/DCCxbX1x07Y\/?hl=es<\/a><\/p>\n\n\n\n<figure class=\"wp-block-image size-large is-resized\"><img loading=\"lazy\" decoding=\"async\" width=\"683\" height=\"1024\" src=\"https:\/\/vicerrectorias.utp.edu.co\/responsabilidad-social\/wp-content\/uploads\/sites\/12\/IMG-20241105-WA0013-683x1024.jpg\" alt=\"\" class=\"wp-image-61719\" style=\"width:839px;height:auto\" srcset=\"https:\/\/vicerrectorias.utp.edu.co\/responsabilidad-social\/wp-content\/uploads\/sites\/12\/IMG-20241105-WA0013-683x1024.jpg 683w, https:\/\/vicerrectorias.utp.edu.co\/responsabilidad-social\/wp-content\/uploads\/sites\/12\/IMG-20241105-WA0013-200x300.jpg 200w, https:\/\/vicerrectorias.utp.edu.co\/responsabilidad-social\/wp-content\/uploads\/sites\/12\/IMG-20241105-WA0013-768x1152.jpg 768w, https:\/\/vicerrectorias.utp.edu.co\/responsabilidad-social\/wp-content\/uploads\/sites\/12\/IMG-20241105-WA0013-1024x1536.jpg 1024w, https:\/\/vicerrectorias.utp.edu.co\/responsabilidad-social\/wp-content\/uploads\/sites\/12\/IMG-20241105-WA0013-1365x2048.jpg 1365w, https:\/\/vicerrectorias.utp.edu.co\/responsabilidad-social\/wp-content\/uploads\/sites\/12\/IMG-20241105-WA0013-scaled.jpg 1706w\" sizes=\"auto, (max-width: 683px) 100vw, 683px\" \/><\/figure>\n\n\n\n<div style=\"height:49px\" aria-hidden=\"true\" class=\"wp-block-spacer\"><\/div>\n\n\n\n<figure class=\"wp-block-image size-large is-resized\"><img loading=\"lazy\" decoding=\"async\" width=\"1024\" height=\"683\" src=\"https:\/\/vicerrectorias.utp.edu.co\/responsabilidad-social\/wp-content\/uploads\/sites\/12\/DSC07753-1024x683.jpg\" alt=\"\" class=\"wp-image-61725\" style=\"width:839px;height:auto\" srcset=\"https:\/\/vicerrectorias.utp.edu.co\/responsabilidad-social\/wp-content\/uploads\/sites\/12\/DSC07753-1024x683.jpg 1024w, https:\/\/vicerrectorias.utp.edu.co\/responsabilidad-social\/wp-content\/uploads\/sites\/12\/DSC07753-300x200.jpg 300w, https:\/\/vicerrectorias.utp.edu.co\/responsabilidad-social\/wp-content\/uploads\/sites\/12\/DSC07753-768x512.jpg 768w, https:\/\/vicerrectorias.utp.edu.co\/responsabilidad-social\/wp-content\/uploads\/sites\/12\/DSC07753-1536x1024.jpg 1536w, https:\/\/vicerrectorias.utp.edu.co\/responsabilidad-social\/wp-content\/uploads\/sites\/12\/DSC07753-2048x1365.jpg 2048w\" sizes=\"auto, (max-width: 1024px) 100vw, 1024px\" \/><\/figure>\n","protected":false},"excerpt":{"rendered":"<p>El Festival Universitario de Baile, Cultura y Bienestar Mov\u00e1monos Danzando fue una acci\u00f3n muy satisfactoria y encerr\u00f3 el agradecimiento de [&hellip;]<\/p>\n","protected":false},"author":22,"featured_media":61721,"comment_status":"open","ping_status":"open","sticky":false,"template":"","format":"standard","meta":{"footnotes":""},"categories":[3],"tags":[],"class_list":["post-61715","post","type-post","status-publish","format-standard","has-post-thumbnail","hentry","category-noticias"],"_links":{"self":[{"href":"https:\/\/vicerrectorias.utp.edu.co\/responsabilidad-social\/wp-json\/wp\/v2\/posts\/61715","targetHints":{"allow":["GET"]}}],"collection":[{"href":"https:\/\/vicerrectorias.utp.edu.co\/responsabilidad-social\/wp-json\/wp\/v2\/posts"}],"about":[{"href":"https:\/\/vicerrectorias.utp.edu.co\/responsabilidad-social\/wp-json\/wp\/v2\/types\/post"}],"author":[{"embeddable":true,"href":"https:\/\/vicerrectorias.utp.edu.co\/responsabilidad-social\/wp-json\/wp\/v2\/users\/22"}],"replies":[{"embeddable":true,"href":"https:\/\/vicerrectorias.utp.edu.co\/responsabilidad-social\/wp-json\/wp\/v2\/comments?post=61715"}],"version-history":[{"count":11,"href":"https:\/\/vicerrectorias.utp.edu.co\/responsabilidad-social\/wp-json\/wp\/v2\/posts\/61715\/revisions"}],"predecessor-version":[{"id":61733,"href":"https:\/\/vicerrectorias.utp.edu.co\/responsabilidad-social\/wp-json\/wp\/v2\/posts\/61715\/revisions\/61733"}],"wp:featuredmedia":[{"embeddable":true,"href":"https:\/\/vicerrectorias.utp.edu.co\/responsabilidad-social\/wp-json\/wp\/v2\/media\/61721"}],"wp:attachment":[{"href":"https:\/\/vicerrectorias.utp.edu.co\/responsabilidad-social\/wp-json\/wp\/v2\/media?parent=61715"}],"wp:term":[{"taxonomy":"category","embeddable":true,"href":"https:\/\/vicerrectorias.utp.edu.co\/responsabilidad-social\/wp-json\/wp\/v2\/categories?post=61715"},{"taxonomy":"post_tag","embeddable":true,"href":"https:\/\/vicerrectorias.utp.edu.co\/responsabilidad-social\/wp-json\/wp\/v2\/tags?post=61715"}],"curies":[{"name":"wp","href":"https:\/\/api.w.org\/{rel}","templated":true}]}}