{"id":61616,"date":"2024-10-29T21:42:49","date_gmt":"2024-10-29T20:42:49","guid":{"rendered":"https:\/\/vicerrectorias.utp.edu.co\/responsabilidad-social\/?p=61616"},"modified":"2024-10-29T22:31:53","modified_gmt":"2024-10-29T21:31:53","slug":"exaltacion-deportistas-utp","status":"publish","type":"post","link":"https:\/\/vicerrectorias.utp.edu.co\/responsabilidad-social\/exaltacion-deportistas-utp\/","title":{"rendered":"EXALTACI\u00d3N DEPORTISTAS UTP"},"content":{"rendered":"\n<p><span class=\"post-content__span\"> Hoy nos reunimos para celebrar el esfuerzo, la dedicaci\u00f3n y los logros alcanzados por nuestros talentosos deportistas en la XXXI versi\u00f3n de los Juegos Nacionales Universitarios ASCUN 2024, realizados en nuestra Casa la UTP la cancha donde todos jugamos del 19 de septiembre y el 2 de octubre.<\/p>\n\n\n\n<p><span class=\"post-content__span\"> Este es un momento especial para expresar nuestro m\u00e1s profundo agradecimiento. Su entrega y compromiso nos llenan de orgullo, al haber dejado en alto el nombre de la Universidad Tecnol\u00f3gica de Pereira.<\/p>\n\n\n\n<p><span class=\"post-content__span\"> Han sido embajadores ejemplares de los valores que promovemos como universidad perseverancia, trabajo en equipo, excelencia y juego limpio.<\/p>\n\n\n\n<p><span class=\"post-content__span\"> Sabemos que cada paso en este camino estuvo lleno de desaf\u00edos, pero con determinaci\u00f3n y esfuerzo, lograron destacarse en sus respectivas disciplinas, mostrando el verdadero car\u00e1cter de un campe\u00f3n.<\/p>\n\n\n\n<p><span class=\"post-content__span\"> Hoy, con la devoluci\u00f3n de la bandera institucional, simbolizamos la estrecha relaci\u00f3n entre el deporte y nuestra universidad, reconociendo que su desempe\u00f1o es una parte fundamental de la historia que seguimos construyendo juntos.}<\/p>\n\n\n\n<p><span class=\"post-content__span\"> El link de el video es este&#8212;&#8211;<\/p>\n\n\n\n<p><span class=\"post-content__span\"> <a href=\"https:\/\/www.instagram.com\/p\/DBr4-iUxXXK\/?hl=es\">https:\/\/www.instagram.com\/p\/DBr4-iUxXXK\/?hl=es<\/a><\/p>\n","protected":false},"excerpt":{"rendered":"<p>Hoy nos reunimos para celebrar el esfuerzo, la dedicaci\u00f3n y los logros alcanzados por nuestros talentosos deportistas en la XXXI [&hellip;]<\/p>\n","protected":false},"author":23,"featured_media":61628,"comment_status":"open","ping_status":"open","sticky":false,"template":"","format":"standard","meta":{"footnotes":""},"categories":[3],"tags":[10,12,11],"class_list":["post-61616","post","type-post","status-publish","format-standard","has-post-thumbnail","hentry","category-noticias","tag-deportistas","tag-universidad","tag-utp"],"_links":{"self":[{"href":"https:\/\/vicerrectorias.utp.edu.co\/responsabilidad-social\/wp-json\/wp\/v2\/posts\/61616","targetHints":{"allow":["GET"]}}],"collection":[{"href":"https:\/\/vicerrectorias.utp.edu.co\/responsabilidad-social\/wp-json\/wp\/v2\/posts"}],"about":[{"href":"https:\/\/vicerrectorias.utp.edu.co\/responsabilidad-social\/wp-json\/wp\/v2\/types\/post"}],"author":[{"embeddable":true,"href":"https:\/\/vicerrectorias.utp.edu.co\/responsabilidad-social\/wp-json\/wp\/v2\/users\/23"}],"replies":[{"embeddable":true,"href":"https:\/\/vicerrectorias.utp.edu.co\/responsabilidad-social\/wp-json\/wp\/v2\/comments?post=61616"}],"version-history":[{"count":11,"href":"https:\/\/vicerrectorias.utp.edu.co\/responsabilidad-social\/wp-json\/wp\/v2\/posts\/61616\/revisions"}],"predecessor-version":[{"id":61632,"href":"https:\/\/vicerrectorias.utp.edu.co\/responsabilidad-social\/wp-json\/wp\/v2\/posts\/61616\/revisions\/61632"}],"wp:featuredmedia":[{"embeddable":true,"href":"https:\/\/vicerrectorias.utp.edu.co\/responsabilidad-social\/wp-json\/wp\/v2\/media\/61628"}],"wp:attachment":[{"href":"https:\/\/vicerrectorias.utp.edu.co\/responsabilidad-social\/wp-json\/wp\/v2\/media?parent=61616"}],"wp:term":[{"taxonomy":"category","embeddable":true,"href":"https:\/\/vicerrectorias.utp.edu.co\/responsabilidad-social\/wp-json\/wp\/v2\/categories?post=61616"},{"taxonomy":"post_tag","embeddable":true,"href":"https:\/\/vicerrectorias.utp.edu.co\/responsabilidad-social\/wp-json\/wp\/v2\/tags?post=61616"}],"curies":[{"name":"wp","href":"https:\/\/api.w.org\/{rel}","templated":true}]}}