{"id":6161,"date":"2019-07-08T14:13:09","date_gmt":"2019-07-08T12:13:09","guid":{"rendered":""},"modified":"2024-08-15T14:46:25","modified_gmt":"2024-08-15T12:46:25","slug":"ayudanos-a-construir-el-futuro-de-nuestra-utp","status":"publish","type":"post","link":"https:\/\/vicerrectorias.utp.edu.co\/responsabilidad-social\/ayudanos-a-construir-el-futuro-de-nuestra-utp\/","title":{"rendered":"Ay\u00fadanos a construir el futuro de nuestra UTP"},"content":{"rendered":"\n<p><span class=\"post-content__span\"> Ay\u00fadanos a construir el futuro de nuestra UTP<\/p>\n\n\n\n<figure class=\"wp-block-image\"><img decoding=\"async\" src=\"https:\/\/media2.utp.edu.co\/oficinas\/3\/0-2(2).jpg\" alt=\"\"\/><\/figure>\n\n\n\n<p><span class=\"post-content__span\"> <strong>Mayo 2018.<\/strong>&nbsp;La Universidad Tecnol\u00f3gica de Pereira est\u00e1 Formulando su nuevo Plan de Desarrollo Institucional 2020 \u2013 2028 y el proceso de Autoevaluaci\u00f3n con fines de la Reacreditaci\u00f3n Institucional, en el cual, todos los actores de la comunidad universitaria juegan un papel fundamental en la construcci\u00f3n de las apuestas a emprender en el horizonte establecido.<\/p>\n\n\n\n<p><span class=\"post-content__span\"> El proceso es colectivo e inclusivo y por eso&nbsp;te invitamos a que nos ayudes a construir el futuro de la UTP. Por eso esperamos el aporte que puedas entregarnos a trav\u00e9s de tus ideas, solicitudes y propuestas para hacer de la U, cada vez m\u00e1s grande.<\/p>\n\n\n\n<p><span class=\"post-content__span\"> Si necesitas m\u00e1s informaci\u00f3n est\u00e1s a solo un click, ingresa a&nbsp;<a href=\"https:\/\/www.utp.edu.co\/pegatealplan\/\" target=\"_blank\" rel=\"noreferrer noopener\">https:\/\/www.utp.edu.co\/pegatealplan\/<\/a><\/p>\n\n\n\n<p><span class=\"post-content__span\"> T\u00fa tambi\u00e9n eres parte de la U, el futuro lo construimos juntos.<\/p>\n\n\n\n<p><span class=\"post-content__span\"> <strong>\u00a1Ven p\u00e9gate al Plan! Camino a la Reacreditaci\u00f3n Institucional<\/strong><\/p>\n","protected":false},"excerpt":{"rendered":"<p>Ay\u00fadanos a construir el futuro de nuestra UTP Mayo 2018.&nbsp;La Universidad Tecnol\u00f3gica de Pereira est\u00e1 Formulando su nuevo Plan de [&hellip;]<\/p>\n","protected":false},"author":0,"featured_media":60458,"comment_status":"closed","ping_status":"closed","sticky":false,"template":"","format":"standard","meta":{"footnotes":""},"categories":[3],"tags":[],"class_list":["post-6161","post","type-post","status-publish","format-standard","has-post-thumbnail","hentry","category-noticias"],"_links":{"self":[{"href":"https:\/\/vicerrectorias.utp.edu.co\/responsabilidad-social\/wp-json\/wp\/v2\/posts\/6161","targetHints":{"allow":["GET"]}}],"collection":[{"href":"https:\/\/vicerrectorias.utp.edu.co\/responsabilidad-social\/wp-json\/wp\/v2\/posts"}],"about":[{"href":"https:\/\/vicerrectorias.utp.edu.co\/responsabilidad-social\/wp-json\/wp\/v2\/types\/post"}],"replies":[{"embeddable":true,"href":"https:\/\/vicerrectorias.utp.edu.co\/responsabilidad-social\/wp-json\/wp\/v2\/comments?post=6161"}],"version-history":[{"count":2,"href":"https:\/\/vicerrectorias.utp.edu.co\/responsabilidad-social\/wp-json\/wp\/v2\/posts\/6161\/revisions"}],"predecessor-version":[{"id":9003,"href":"https:\/\/vicerrectorias.utp.edu.co\/responsabilidad-social\/wp-json\/wp\/v2\/posts\/6161\/revisions\/9003"}],"wp:featuredmedia":[{"embeddable":true,"href":"https:\/\/vicerrectorias.utp.edu.co\/responsabilidad-social\/wp-json\/wp\/v2\/media\/60458"}],"wp:attachment":[{"href":"https:\/\/vicerrectorias.utp.edu.co\/responsabilidad-social\/wp-json\/wp\/v2\/media?parent=6161"}],"wp:term":[{"taxonomy":"category","embeddable":true,"href":"https:\/\/vicerrectorias.utp.edu.co\/responsabilidad-social\/wp-json\/wp\/v2\/categories?post=6161"},{"taxonomy":"post_tag","embeddable":true,"href":"https:\/\/vicerrectorias.utp.edu.co\/responsabilidad-social\/wp-json\/wp\/v2\/tags?post=6161"}],"curies":[{"name":"wp","href":"https:\/\/api.w.org\/{rel}","templated":true}]}}