{"id":61562,"date":"2024-10-24T19:17:11","date_gmt":"2024-10-24T17:17:11","guid":{"rendered":"https:\/\/vicerrectorias.utp.edu.co\/responsabilidad-social\/?p=61562"},"modified":"2024-10-24T19:36:15","modified_gmt":"2024-10-24T17:36:15","slug":"movamonos-danzando","status":"publish","type":"post","link":"https:\/\/vicerrectorias.utp.edu.co\/responsabilidad-social\/movamonos-danzando\/","title":{"rendered":"Mov\u00e1monos Danzando"},"content":{"rendered":"\n<p class=\"has-text-align-center\"><span class=\"post-content__span\"> <strong>\u00a1\u00daNETE A NOSOTROS EN MOV\u00c1MONOS DANZANDO!<\/strong><\/p>\n\n\n<div class=\"wp-block-image\">\n<figure class=\"aligncenter size-full is-resized\"><img loading=\"lazy\" decoding=\"async\" width=\"852\" height=\"887\" src=\"https:\/\/vicerrectorias.utp.edu.co\/responsabilidad-social\/wp-content\/uploads\/sites\/12\/Captura-de-pantalla-2024-10-24-120609.png\" alt=\"\" class=\"wp-image-61563\" style=\"width:665px;height:auto\" srcset=\"https:\/\/vicerrectorias.utp.edu.co\/responsabilidad-social\/wp-content\/uploads\/sites\/12\/Captura-de-pantalla-2024-10-24-120609.png 852w, https:\/\/vicerrectorias.utp.edu.co\/responsabilidad-social\/wp-content\/uploads\/sites\/12\/Captura-de-pantalla-2024-10-24-120609-288x300.png 288w, https:\/\/vicerrectorias.utp.edu.co\/responsabilidad-social\/wp-content\/uploads\/sites\/12\/Captura-de-pantalla-2024-10-24-120609-768x800.png 768w\" sizes=\"auto, (max-width: 852px) 100vw, 852px\" \/><\/figure>\n<\/div>\n\n\n<div style=\"height:20px\" aria-hidden=\"true\" class=\"wp-block-spacer\"><\/div>\n\n\n\n<hr class=\"wp-block-separator has-alpha-channel-opacity\" \/>\n\n\n\n<div style=\"height:20px\" aria-hidden=\"true\" class=\"wp-block-spacer\"><\/div>\n\n\n\n<p><span class=\"post-content__span\"> Te invitamos a una tarde llena de ritmo y alegr\u00eda el 30 de octubre y 1 de noviembre a las [hora] en [lugar]. Disfruta de clases de diversos estilos de baile y actividades interactivas para todos los niveles. No importa tu experiencia, \u00a1todos son bienvenidos a expresarse y divertirse!<\/p>\n\n\n\n<p><span class=\"post-content__span\"> \u00a1Ven con la mejor actitud, ropa c\u00f3moda e hidrataci\u00f3n y prep\u00e1rate para una experiencia \u00fanica!<\/p>\n\n\n\n<p><span class=\"post-content__span\"> <\/p>\n","protected":false},"excerpt":{"rendered":"<p>\u00a1\u00daNETE A NOSOTROS EN MOV\u00c1MONOS DANZANDO! Te invitamos a una tarde llena de ritmo y alegr\u00eda el 30 de octubre [&hellip;]<\/p>\n","protected":false},"author":21,"featured_media":61570,"comment_status":"open","ping_status":"open","sticky":false,"template":"","format":"standard","meta":{"footnotes":""},"categories":[3],"tags":[],"class_list":["post-61562","post","type-post","status-publish","format-standard","has-post-thumbnail","hentry","category-noticias"],"_links":{"self":[{"href":"https:\/\/vicerrectorias.utp.edu.co\/responsabilidad-social\/wp-json\/wp\/v2\/posts\/61562","targetHints":{"allow":["GET"]}}],"collection":[{"href":"https:\/\/vicerrectorias.utp.edu.co\/responsabilidad-social\/wp-json\/wp\/v2\/posts"}],"about":[{"href":"https:\/\/vicerrectorias.utp.edu.co\/responsabilidad-social\/wp-json\/wp\/v2\/types\/post"}],"author":[{"embeddable":true,"href":"https:\/\/vicerrectorias.utp.edu.co\/responsabilidad-social\/wp-json\/wp\/v2\/users\/21"}],"replies":[{"embeddable":true,"href":"https:\/\/vicerrectorias.utp.edu.co\/responsabilidad-social\/wp-json\/wp\/v2\/comments?post=61562"}],"version-history":[{"count":3,"href":"https:\/\/vicerrectorias.utp.edu.co\/responsabilidad-social\/wp-json\/wp\/v2\/posts\/61562\/revisions"}],"predecessor-version":[{"id":61567,"href":"https:\/\/vicerrectorias.utp.edu.co\/responsabilidad-social\/wp-json\/wp\/v2\/posts\/61562\/revisions\/61567"}],"wp:featuredmedia":[{"embeddable":true,"href":"https:\/\/vicerrectorias.utp.edu.co\/responsabilidad-social\/wp-json\/wp\/v2\/media\/61570"}],"wp:attachment":[{"href":"https:\/\/vicerrectorias.utp.edu.co\/responsabilidad-social\/wp-json\/wp\/v2\/media?parent=61562"}],"wp:term":[{"taxonomy":"category","embeddable":true,"href":"https:\/\/vicerrectorias.utp.edu.co\/responsabilidad-social\/wp-json\/wp\/v2\/categories?post=61562"},{"taxonomy":"post_tag","embeddable":true,"href":"https:\/\/vicerrectorias.utp.edu.co\/responsabilidad-social\/wp-json\/wp\/v2\/tags?post=61562"}],"curies":[{"name":"wp","href":"https:\/\/api.w.org\/{rel}","templated":true}]}}