{"id":6141,"date":"2019-07-04T11:06:03","date_gmt":"2019-07-04T09:06:03","guid":{"rendered":""},"modified":"2024-08-20T11:05:29","modified_gmt":"2024-08-20T09:05:29","slug":"posesion-representante-estudiantil-ante-consejo-s","status":"publish","type":"post","link":"https:\/\/vicerrectorias.utp.edu.co\/responsabilidad-social\/posesion-representante-estudiantil-ante-consejo-s\/","title":{"rendered":"Posesi\u00f3n Representante Estudiantil ante Consejo S."},"content":{"rendered":"\n<p><span class=\"post-content__span\"> Posesi\u00f3n Representante Estudiantil ante el Consejo Superior<\/p>\n\n\n\n<p><span class=\"post-content__span\"> <img decoding=\"async\" src=\"https:\/\/comunicaciones.utp.edu.co\/wp-content\/uploads\/sites\/2\/New-Project-42-.jpg\"><\/p>\n\n\n\n<p><span class=\"post-content__span\"> Se llev\u00f3 a cabo la posesi\u00f3n del nuevo Representante de los Estudiantes ante el Consejo Superior Universitario, de la Universidad Tecnol\u00f3gica de Pereira.\u00a0<\/p>\n\n\n\n<p><span class=\"post-content__span\"> Ante el Consejo Superior Universitario de la UTP, tom\u00f3 posesi\u00f3n como nuevo representante estudiantil Jaime Andr\u00e9s Hern\u00e1ndez Henao. El Estudiante estar\u00e1 en su cargo por un periodo de dos a\u00f1os a partir de la fecha.&nbsp;<\/p>\n\n\n\n<p><span class=\"post-content__span\"> <strong><a href=\"https:\/\/photos.app.goo.gl\/ZnoYFDdsjXBNgLvt9\" target=\"_blank\" rel=\"noreferrer noopener\">Ver todas las fotograf\u00edas del evento<\/a><\/strong><\/p>\n\n\n\n<figure class=\"wp-block-image\"><img decoding=\"async\" src=\"https:\/\/comunicaciones.utp.edu.co\/wp-content\/uploads\/sites\/2\/Posesion1.jpg\" alt=\"\"\/><\/figure>\n\n\n\n<figure class=\"wp-block-image\"><img decoding=\"async\" src=\"https:\/\/comunicaciones.utp.edu.co\/wp-content\/uploads\/sites\/2\/Posesion3.jpg\" alt=\"\"\/><\/figure>\n","protected":false},"excerpt":{"rendered":"<p>Posesi\u00f3n Representante Estudiantil ante el Consejo Superior Se llev\u00f3 a cabo la posesi\u00f3n del nuevo Representante de los Estudiantes ante [&hellip;]<\/p>\n","protected":false},"author":0,"featured_media":60456,"comment_status":"closed","ping_status":"closed","sticky":false,"template":"","format":"standard","meta":{"footnotes":""},"categories":[3],"tags":[],"class_list":["post-6141","post","type-post","status-publish","format-standard","has-post-thumbnail","hentry","category-noticias"],"_links":{"self":[{"href":"https:\/\/vicerrectorias.utp.edu.co\/responsabilidad-social\/wp-json\/wp\/v2\/posts\/6141","targetHints":{"allow":["GET"]}}],"collection":[{"href":"https:\/\/vicerrectorias.utp.edu.co\/responsabilidad-social\/wp-json\/wp\/v2\/posts"}],"about":[{"href":"https:\/\/vicerrectorias.utp.edu.co\/responsabilidad-social\/wp-json\/wp\/v2\/types\/post"}],"replies":[{"embeddable":true,"href":"https:\/\/vicerrectorias.utp.edu.co\/responsabilidad-social\/wp-json\/wp\/v2\/comments?post=6141"}],"version-history":[{"count":3,"href":"https:\/\/vicerrectorias.utp.edu.co\/responsabilidad-social\/wp-json\/wp\/v2\/posts\/6141\/revisions"}],"predecessor-version":[{"id":61233,"href":"https:\/\/vicerrectorias.utp.edu.co\/responsabilidad-social\/wp-json\/wp\/v2\/posts\/6141\/revisions\/61233"}],"wp:featuredmedia":[{"embeddable":true,"href":"https:\/\/vicerrectorias.utp.edu.co\/responsabilidad-social\/wp-json\/wp\/v2\/media\/60456"}],"wp:attachment":[{"href":"https:\/\/vicerrectorias.utp.edu.co\/responsabilidad-social\/wp-json\/wp\/v2\/media?parent=6141"}],"wp:term":[{"taxonomy":"category","embeddable":true,"href":"https:\/\/vicerrectorias.utp.edu.co\/responsabilidad-social\/wp-json\/wp\/v2\/categories?post=6141"},{"taxonomy":"post_tag","embeddable":true,"href":"https:\/\/vicerrectorias.utp.edu.co\/responsabilidad-social\/wp-json\/wp\/v2\/tags?post=6141"}],"curies":[{"name":"wp","href":"https:\/\/api.w.org\/{rel}","templated":true}]}}