{"id":6121,"date":"2019-06-27T16:08:04","date_gmt":"2019-06-27T14:08:04","guid":{"rendered":""},"modified":"2024-08-20T09:41:48","modified_gmt":"2024-08-20T07:41:48","slug":"la-escafandra-teatro-presenta-su-obra-las-ausente","status":"publish","type":"post","link":"https:\/\/vicerrectorias.utp.edu.co\/responsabilidad-social\/la-escafandra-teatro-presenta-su-obra-las-ausente\/","title":{"rendered":"La Escafandra Teatro presenta su obra: Las Ausente"},"content":{"rendered":"\n<p><span class=\"post-content__span\"> Jueves de teatro en la UTP<\/p>\n\n\n\n<p><span class=\"post-content__span\"> <img decoding=\"async\" src=\"https:\/\/comunicaciones.utp.edu.co\/wp-content\/uploads\/sites\/2\/Jueves-de-teatro-en-la-UTP-minatura.jpg\">En el marco de los Jueves de Teatro en la UTP, programa cultural permanente apoyado por la Vicerrectora de Responsabilidad Social y Bienestar Universitario, La Escafandra Teatro presenta su obra: Las Ausentes, dirigida por Julio C\u00e9sar S\u00e1nchez Naranjo.<\/p>\n\n\n\n<p><span class=\"post-content__span\"> Las voces de los personajes de esta obra son de mujeres reales quienes fueron tejiendo sus vivencias y fueron encontrando puntos comunes que se constituyeron en una obra teatral que luego fue madurada a la luz de la reflexi\u00f3n en torno a la violencia como generadora de desplazamiento f\u00edsico y psicol\u00f3gico y como manifestaci\u00f3n de la situaci\u00f3n relegada de sectores sociales que son sometidos al fuego cruzado de diferentes bandos, enfrentados en una lucha por el poder que para el ser humano com\u00fan y corriente poco representa, cuando en su cotidianidad lo \u00fanico que puede percibir son p\u00e9rdidas, abandonos y despedidas que los obligan a buscar estrategias para sobrevivir en ese medio hostil en que se convierte lo que antes era su casa o para huir buscando el lugar que les permita volver a encontrar aunque sea resquicios de su identidad. Es cuando surge el problema de g\u00e9nero como un protagonista adicional que contribuye a acentuar las diferencias sociales y a victimizar con m\u00e1s ah\u00ednco a la mujer como objeto de violencia cotidiana, adem\u00e1s de serlo de la violencia pol\u00edtica y social en toda su extensi\u00f3n. Las Ausentes es la historia de mujeres que han convivido con la violencia, que han luchado cotidianamente con sus efectos y que han buscado sus caminos y reconstruido sus vidas con la firme convicci\u00f3n de que siempre existe la esperanza de encontrar ese lugar al que puedan volver a pertenecer y en donde puedan sentirse arraigadas otra vez, para poder creer de nuevo en la interacci\u00f3n con lo masculino y volver a confiar en la posibilidad de construir proyectos de vida en conjunto.<\/p>\n\n\n\n<p><span class=\"post-content__span\"> De la autor\u00eda de Julio C\u00e9sar S\u00e1nchez, este montaje fue estrenado en agosto de 2007 y particip\u00f3 en el X Festival Nacional de Teatro Universitario ASCUN Cultura, en la ciudad de Cali, donde recibi\u00f3 el Premio al Mejor Talento Femenino y nominaciones a Mejor Vestuario, Mejor Maquillaje y Mejor Obra Original; particip\u00f3 en el III Encuentro de Mujeres en Escena Las Margaritas y La Guerra, realizado en la ciudad de Pereira en agosto de 2008 y ha recorrido diversos escenarios de Pereira y Colombia. Esta obra fue la ganadora de la beca de circulaci\u00f3n de obras de arte dram\u00e1tico en la V convocatoria de Est\u00edmulos del Instituto Municipal de Cultura y Fomento al Turismo de Pereira en 2016.<\/p>\n\n\n\n<p><span class=\"post-content__span\"> Entrada libre.<\/p>\n\n\n\n<p><span class=\"post-content__span\"> Cupo limitado. &nbsp;<\/p>\n","protected":false},"excerpt":{"rendered":"<p>Jueves de teatro en la UTP En el marco de los Jueves de Teatro en la UTP, programa cultural permanente [&hellip;]<\/p>\n","protected":false},"author":0,"featured_media":60454,"comment_status":"closed","ping_status":"closed","sticky":false,"template":"","format":"standard","meta":{"footnotes":""},"categories":[3],"tags":[],"class_list":["post-6121","post","type-post","status-publish","format-standard","has-post-thumbnail","hentry","category-noticias"],"_links":{"self":[{"href":"https:\/\/vicerrectorias.utp.edu.co\/responsabilidad-social\/wp-json\/wp\/v2\/posts\/6121","targetHints":{"allow":["GET"]}}],"collection":[{"href":"https:\/\/vicerrectorias.utp.edu.co\/responsabilidad-social\/wp-json\/wp\/v2\/posts"}],"about":[{"href":"https:\/\/vicerrectorias.utp.edu.co\/responsabilidad-social\/wp-json\/wp\/v2\/types\/post"}],"replies":[{"embeddable":true,"href":"https:\/\/vicerrectorias.utp.edu.co\/responsabilidad-social\/wp-json\/wp\/v2\/comments?post=6121"}],"version-history":[{"count":2,"href":"https:\/\/vicerrectorias.utp.edu.co\/responsabilidad-social\/wp-json\/wp\/v2\/posts\/6121\/revisions"}],"predecessor-version":[{"id":61163,"href":"https:\/\/vicerrectorias.utp.edu.co\/responsabilidad-social\/wp-json\/wp\/v2\/posts\/6121\/revisions\/61163"}],"wp:featuredmedia":[{"embeddable":true,"href":"https:\/\/vicerrectorias.utp.edu.co\/responsabilidad-social\/wp-json\/wp\/v2\/media\/60454"}],"wp:attachment":[{"href":"https:\/\/vicerrectorias.utp.edu.co\/responsabilidad-social\/wp-json\/wp\/v2\/media?parent=6121"}],"wp:term":[{"taxonomy":"category","embeddable":true,"href":"https:\/\/vicerrectorias.utp.edu.co\/responsabilidad-social\/wp-json\/wp\/v2\/categories?post=6121"},{"taxonomy":"post_tag","embeddable":true,"href":"https:\/\/vicerrectorias.utp.edu.co\/responsabilidad-social\/wp-json\/wp\/v2\/tags?post=6121"}],"curies":[{"name":"wp","href":"https:\/\/api.w.org\/{rel}","templated":true}]}}