{"id":6111,"date":"2019-06-27T15:53:58","date_gmt":"2019-06-27T13:53:58","guid":{"rendered":""},"modified":"2024-08-20T11:05:53","modified_gmt":"2024-08-20T09:05:53","slug":"posesion-representante-estudiantil-ante-el-consejo","status":"publish","type":"post","link":"https:\/\/vicerrectorias.utp.edu.co\/responsabilidad-social\/posesion-representante-estudiantil-ante-el-consejo\/","title":{"rendered":"Posesi\u00f3n Representante Estudiantil ante el Consejo"},"content":{"rendered":"\n<p><span class=\"post-content__span\"> Posesi\u00f3n Representante Estudiantil ante el Consejo Acad\u00e9mico<\/p>\n\n\n\n<p><span class=\"post-content__span\"> <img decoding=\"async\" src=\"https:\/\/comunicaciones.utp.edu.co\/wp-content\/uploads\/sites\/2\/New-Project-40-.jpg\"><\/p>\n\n\n\n<p><span class=\"post-content__span\"> Se llev\u00f3 a cabo la Posesi\u00f3n de la Representante Estudiantil ante el Consejo Acad\u00e9mico, Valentina Zapata Restrepo.<\/p>\n\n\n\n<p><span class=\"post-content__span\"> Cabe resaltar que el certamen electoral se realiz\u00f3 el d\u00eda jueves 20 de mayo de 2019, el resultado de la votaci\u00f3n expres\u00f3 que fueron elegidas las planchas inscritas y los dos&nbsp; representantes ante el Consejo Acad\u00e9mico son los estudiantes: Valentina Zapata Restrepo y Germ\u00e1n Diego Guisasola Plejo.<\/p>\n\n\n\n<p><span class=\"post-content__span\"> <strong><a href=\"https:\/\/photos.app.goo.gl\/qpCv42TtpjydcGALA\" target=\"_blank\" rel=\"noreferrer noopener\">Ver todas las fotograf\u00edas del evento<\/a><\/strong><\/p>\n\n\n\n<figure class=\"wp-block-image\"><img decoding=\"async\" src=\"https:\/\/comunicaciones.utp.edu.co\/wp-content\/uploads\/sites\/2\/PosesionRepresentanteEstudiantil-5-JPG.jpg\" alt=\"\"\/><\/figure>\n\n\n\n<figure class=\"wp-block-image\"><img decoding=\"async\" src=\"https:\/\/comunicaciones.utp.edu.co\/wp-content\/uploads\/sites\/2\/PosesionRepresentanteEstudiantil-1-JPG.jpg\" alt=\"\"\/><\/figure>\n\n\n\n<figure class=\"wp-block-image\"><img decoding=\"async\" src=\"https:\/\/comunicaciones.utp.edu.co\/wp-content\/uploads\/sites\/2\/PosesionRepresentanteEstudiantil-2-JPG.jpg\" alt=\"\"\/><\/figure>\n","protected":false},"excerpt":{"rendered":"<p>Posesi\u00f3n Representante Estudiantil ante el Consejo Acad\u00e9mico Se llev\u00f3 a cabo la Posesi\u00f3n de la Representante Estudiantil ante el Consejo [&hellip;]<\/p>\n","protected":false},"author":0,"featured_media":60453,"comment_status":"closed","ping_status":"closed","sticky":false,"template":"","format":"standard","meta":{"footnotes":""},"categories":[3],"tags":[],"class_list":["post-6111","post","type-post","status-publish","format-standard","has-post-thumbnail","hentry","category-noticias"],"_links":{"self":[{"href":"https:\/\/vicerrectorias.utp.edu.co\/responsabilidad-social\/wp-json\/wp\/v2\/posts\/6111","targetHints":{"allow":["GET"]}}],"collection":[{"href":"https:\/\/vicerrectorias.utp.edu.co\/responsabilidad-social\/wp-json\/wp\/v2\/posts"}],"about":[{"href":"https:\/\/vicerrectorias.utp.edu.co\/responsabilidad-social\/wp-json\/wp\/v2\/types\/post"}],"replies":[{"embeddable":true,"href":"https:\/\/vicerrectorias.utp.edu.co\/responsabilidad-social\/wp-json\/wp\/v2\/comments?post=6111"}],"version-history":[{"count":3,"href":"https:\/\/vicerrectorias.utp.edu.co\/responsabilidad-social\/wp-json\/wp\/v2\/posts\/6111\/revisions"}],"predecessor-version":[{"id":61235,"href":"https:\/\/vicerrectorias.utp.edu.co\/responsabilidad-social\/wp-json\/wp\/v2\/posts\/6111\/revisions\/61235"}],"wp:featuredmedia":[{"embeddable":true,"href":"https:\/\/vicerrectorias.utp.edu.co\/responsabilidad-social\/wp-json\/wp\/v2\/media\/60453"}],"wp:attachment":[{"href":"https:\/\/vicerrectorias.utp.edu.co\/responsabilidad-social\/wp-json\/wp\/v2\/media?parent=6111"}],"wp:term":[{"taxonomy":"category","embeddable":true,"href":"https:\/\/vicerrectorias.utp.edu.co\/responsabilidad-social\/wp-json\/wp\/v2\/categories?post=6111"},{"taxonomy":"post_tag","embeddable":true,"href":"https:\/\/vicerrectorias.utp.edu.co\/responsabilidad-social\/wp-json\/wp\/v2\/tags?post=6111"}],"curies":[{"name":"wp","href":"https:\/\/api.w.org\/{rel}","templated":true}]}}