{"id":6091,"date":"2019-06-17T11:33:03","date_gmt":"2019-06-17T09:33:03","guid":{"rendered":""},"modified":"2024-08-16T10:29:38","modified_gmt":"2024-08-16T08:29:38","slug":"debate-candidatos-estudiantiles-a-representaciones","status":"publish","type":"post","link":"https:\/\/vicerrectorias.utp.edu.co\/responsabilidad-social\/debate-candidatos-estudiantiles-a-representaciones\/","title":{"rendered":"Debate candidatos estudiantiles a representaciones"},"content":{"rendered":"\n<p><span class=\"post-content__span\"> Debate candidatos estudiantiles a representaciones<\/p>\n\n\n\n<p><span class=\"post-content__span\"> <img decoding=\"async\" src=\"https:\/\/comunicaciones.utp.edu.co\/wp-content\/uploads\/sites\/2\/Debate-estudiantes-Campus-17-de-junio.jpg\"><\/p>\n\n\n\n<p><span class=\"post-content__span\"> La Secretaria General informa a la comunidad universitaria que se llevar\u00e1 a cabo el debate de los candidatos a las Representaciones Estudiantiles ante el Consejo Superior, Consejo Acad\u00e9mico, Comit\u00e9 de Bienestar Universitario y Comit\u00e9 Electoral.<\/p>\n\n\n\n<figure class=\"wp-block-image\"><img decoding=\"async\" src=\"https:\/\/comunicaciones.utp.edu.co\/wp-content\/uploads\/sites\/2\/Debate-Candidatos-estudiantiles-17-de-junio.jpg\" alt=\"\"\/><\/figure>\n","protected":false},"excerpt":{"rendered":"<p>Debate candidatos estudiantiles a representaciones La Secretaria General informa a la comunidad universitaria que se llevar\u00e1 a cabo el debate [&hellip;]<\/p>\n","protected":false},"author":0,"featured_media":60451,"comment_status":"closed","ping_status":"closed","sticky":false,"template":"","format":"standard","meta":{"footnotes":""},"categories":[3],"tags":[],"class_list":["post-6091","post","type-post","status-publish","format-standard","has-post-thumbnail","hentry","category-noticias"],"_links":{"self":[{"href":"https:\/\/vicerrectorias.utp.edu.co\/responsabilidad-social\/wp-json\/wp\/v2\/posts\/6091","targetHints":{"allow":["GET"]}}],"collection":[{"href":"https:\/\/vicerrectorias.utp.edu.co\/responsabilidad-social\/wp-json\/wp\/v2\/posts"}],"about":[{"href":"https:\/\/vicerrectorias.utp.edu.co\/responsabilidad-social\/wp-json\/wp\/v2\/types\/post"}],"replies":[{"embeddable":true,"href":"https:\/\/vicerrectorias.utp.edu.co\/responsabilidad-social\/wp-json\/wp\/v2\/comments?post=6091"}],"version-history":[{"count":3,"href":"https:\/\/vicerrectorias.utp.edu.co\/responsabilidad-social\/wp-json\/wp\/v2\/posts\/6091\/revisions"}],"predecessor-version":[{"id":60920,"href":"https:\/\/vicerrectorias.utp.edu.co\/responsabilidad-social\/wp-json\/wp\/v2\/posts\/6091\/revisions\/60920"}],"wp:featuredmedia":[{"embeddable":true,"href":"https:\/\/vicerrectorias.utp.edu.co\/responsabilidad-social\/wp-json\/wp\/v2\/media\/60451"}],"wp:attachment":[{"href":"https:\/\/vicerrectorias.utp.edu.co\/responsabilidad-social\/wp-json\/wp\/v2\/media?parent=6091"}],"wp:term":[{"taxonomy":"category","embeddable":true,"href":"https:\/\/vicerrectorias.utp.edu.co\/responsabilidad-social\/wp-json\/wp\/v2\/categories?post=6091"},{"taxonomy":"post_tag","embeddable":true,"href":"https:\/\/vicerrectorias.utp.edu.co\/responsabilidad-social\/wp-json\/wp\/v2\/tags?post=6091"}],"curies":[{"name":"wp","href":"https:\/\/api.w.org\/{rel}","templated":true}]}}