{"id":6081,"date":"2019-06-12T15:08:52","date_gmt":"2019-06-12T13:08:52","guid":{"rendered":""},"modified":"2024-08-20T14:57:47","modified_gmt":"2024-08-20T12:57:47","slug":"utp-firma-acuerdo-academico-con-la-universidad-de","status":"publish","type":"post","link":"https:\/\/vicerrectorias.utp.edu.co\/responsabilidad-social\/utp-firma-acuerdo-academico-con-la-universidad-de\/","title":{"rendered":"UTP firma acuerdo acad\u00e9mico con la Universidad de"},"content":{"rendered":"\n<p><span class=\"post-content__span\"> UTP firma acuerdo acad\u00e9mico con la Universidad de Salerno<\/p>\n\n\n\n<p><span class=\"post-content__span\"> <img decoding=\"async\" src=\"https:\/\/comunicaciones.utp.edu.co\/wp-content\/uploads\/sites\/2\/New-Project-36-.jpg\"><\/p>\n\n\n\n<p><span class=\"post-content__span\"> La\u00a0Universidad Tecnol\u00f3gica de Pereira y la Universidad de Salerno de Italia, firman acuerdo con el fin de promocionar la cooperaci\u00f3n acad\u00e9mica internacional, con el que se busca garantizar el bienestar de la comunidad estudiantil y la investigaci\u00f3n cient\u00edfica.\u00a0<\/p>\n\n\n\n<p><span class=\"post-content__span\"> Este acuerdo tiene como objetivo desarrollar convenios con el fin promover la ejecuci\u00f3n de responsabilidades acordadas. Entre ellas se encuentra brindar a la comunidad estudiantil doble titulaci\u00f3n con la Universidad de Salerno.<\/p>\n\n\n\n<p><span class=\"post-content__span\"> Desde el 11 de junio, ambas universidades cuentan con un convenio de vigencia de 5 a\u00f1os. Las universidades definir\u00e1n por medio a cuerdos complementarios los valores de los costos, n\u00famero de beneficiarios y fuentes de financiaci\u00f3n.<\/p>\n\n\n\n<p><span class=\"post-content__span\"> <strong><a href=\"https:\/\/photos.app.goo.gl\/9qW76aLtgRuSgtyX9\" target=\"_blank\" rel=\"noreferrer noopener\">Ver las fotograf\u00edas de la firma del convenio.<\/a><\/strong><\/p>\n\n\n\n<figure class=\"wp-block-image\"><img decoding=\"async\" src=\"https:\/\/comunicaciones.utp.edu.co\/wp-content\/uploads\/sites\/2\/firma-convenio-salerno-33.jpg\" alt=\"\"\/><\/figure>\n\n\n\n<figure class=\"wp-block-image\"><img decoding=\"async\" src=\"https:\/\/comunicaciones.utp.edu.co\/wp-content\/uploads\/sites\/2\/firma-convenio-salerno-32.jpg\" alt=\"\"\/><\/figure>\n","protected":false},"excerpt":{"rendered":"<p>UTP firma acuerdo acad\u00e9mico con la Universidad de Salerno La\u00a0Universidad Tecnol\u00f3gica de Pereira y la Universidad de Salerno de Italia, [&hellip;]<\/p>\n","protected":false},"author":0,"featured_media":60450,"comment_status":"closed","ping_status":"closed","sticky":false,"template":"","format":"standard","meta":{"footnotes":""},"categories":[3],"tags":[],"class_list":["post-6081","post","type-post","status-publish","format-standard","has-post-thumbnail","hentry","category-noticias"],"_links":{"self":[{"href":"https:\/\/vicerrectorias.utp.edu.co\/responsabilidad-social\/wp-json\/wp\/v2\/posts\/6081","targetHints":{"allow":["GET"]}}],"collection":[{"href":"https:\/\/vicerrectorias.utp.edu.co\/responsabilidad-social\/wp-json\/wp\/v2\/posts"}],"about":[{"href":"https:\/\/vicerrectorias.utp.edu.co\/responsabilidad-social\/wp-json\/wp\/v2\/types\/post"}],"replies":[{"embeddable":true,"href":"https:\/\/vicerrectorias.utp.edu.co\/responsabilidad-social\/wp-json\/wp\/v2\/comments?post=6081"}],"version-history":[{"count":3,"href":"https:\/\/vicerrectorias.utp.edu.co\/responsabilidad-social\/wp-json\/wp\/v2\/posts\/6081\/revisions"}],"predecessor-version":[{"id":61346,"href":"https:\/\/vicerrectorias.utp.edu.co\/responsabilidad-social\/wp-json\/wp\/v2\/posts\/6081\/revisions\/61346"}],"wp:featuredmedia":[{"embeddable":true,"href":"https:\/\/vicerrectorias.utp.edu.co\/responsabilidad-social\/wp-json\/wp\/v2\/media\/60450"}],"wp:attachment":[{"href":"https:\/\/vicerrectorias.utp.edu.co\/responsabilidad-social\/wp-json\/wp\/v2\/media?parent=6081"}],"wp:term":[{"taxonomy":"category","embeddable":true,"href":"https:\/\/vicerrectorias.utp.edu.co\/responsabilidad-social\/wp-json\/wp\/v2\/categories?post=6081"},{"taxonomy":"post_tag","embeddable":true,"href":"https:\/\/vicerrectorias.utp.edu.co\/responsabilidad-social\/wp-json\/wp\/v2\/tags?post=6081"}],"curies":[{"name":"wp","href":"https:\/\/api.w.org\/{rel}","templated":true}]}}