{"id":6071,"date":"2019-06-12T15:00:24","date_gmt":"2019-06-12T13:00:24","guid":{"rendered":""},"modified":"2024-08-15T15:52:37","modified_gmt":"2024-08-15T13:52:37","slug":"se-realizo-foro-sobre-acoso-sexual","status":"publish","type":"post","link":"https:\/\/vicerrectorias.utp.edu.co\/responsabilidad-social\/se-realizo-foro-sobre-acoso-sexual\/","title":{"rendered":"Se realiz\u00f3 foro sobre Acoso Sexual"},"content":{"rendered":"\n<p><span class=\"post-content__span\"> <span>El lunes 10 de Junio se realiz\u00f3 foro sobre Acoso sexual en la UTP en el Auditorio de Bellas Artes. Se convers\u00f3 y se debati\u00f3, con una muy buena participaci\u00f3n, Evidenciando grandes retos para la comunidad universitaria: comprender m\u00e1s el tema, visibilizar que \u00abaqu\u00ed tambi\u00e9n pasa\u00bb, que es necesario conocer y poner a funcionar la ruta, generar redes de apoyo y movilizaci\u00f3n social para construir escenarios de respeto de los derechos especialmente de las mujeres.<\/span><br>\n<span>Se recalc\u00f3 la importancia de conocer los derechos, las garant\u00edas de las v\u00edctimas, y difundir el correo interno para denuncias<\/span><a href=\"mailto:violenciadegenero@utp.edu.co\" target=\"_blank\" rel=\"noopener noreferrer\">violenciadegenero@utp.edu.co<\/a><span>, asi como la necesidad de promover escenarios de debate, discusi\u00f3n, profundizaci\u00f3n.<\/span><\/p>\n","protected":false},"excerpt":{"rendered":"<p>El lunes 10 de Junio se realiz\u00f3 foro sobre Acoso sexual en la UTP en el Auditorio de Bellas Artes. [&hellip;]<\/p>\n","protected":false},"author":0,"featured_media":60449,"comment_status":"closed","ping_status":"closed","sticky":false,"template":"","format":"standard","meta":{"footnotes":""},"categories":[3],"tags":[],"class_list":["post-6071","post","type-post","status-publish","format-standard","has-post-thumbnail","hentry","category-noticias"],"_links":{"self":[{"href":"https:\/\/vicerrectorias.utp.edu.co\/responsabilidad-social\/wp-json\/wp\/v2\/posts\/6071","targetHints":{"allow":["GET"]}}],"collection":[{"href":"https:\/\/vicerrectorias.utp.edu.co\/responsabilidad-social\/wp-json\/wp\/v2\/posts"}],"about":[{"href":"https:\/\/vicerrectorias.utp.edu.co\/responsabilidad-social\/wp-json\/wp\/v2\/types\/post"}],"replies":[{"embeddable":true,"href":"https:\/\/vicerrectorias.utp.edu.co\/responsabilidad-social\/wp-json\/wp\/v2\/comments?post=6071"}],"version-history":[{"count":1,"href":"https:\/\/vicerrectorias.utp.edu.co\/responsabilidad-social\/wp-json\/wp\/v2\/posts\/6071\/revisions"}],"predecessor-version":[{"id":9012,"href":"https:\/\/vicerrectorias.utp.edu.co\/responsabilidad-social\/wp-json\/wp\/v2\/posts\/6071\/revisions\/9012"}],"wp:featuredmedia":[{"embeddable":true,"href":"https:\/\/vicerrectorias.utp.edu.co\/responsabilidad-social\/wp-json\/wp\/v2\/media\/60449"}],"wp:attachment":[{"href":"https:\/\/vicerrectorias.utp.edu.co\/responsabilidad-social\/wp-json\/wp\/v2\/media?parent=6071"}],"wp:term":[{"taxonomy":"category","embeddable":true,"href":"https:\/\/vicerrectorias.utp.edu.co\/responsabilidad-social\/wp-json\/wp\/v2\/categories?post=6071"},{"taxonomy":"post_tag","embeddable":true,"href":"https:\/\/vicerrectorias.utp.edu.co\/responsabilidad-social\/wp-json\/wp\/v2\/tags?post=6071"}],"curies":[{"name":"wp","href":"https:\/\/api.w.org\/{rel}","templated":true}]}}