{"id":6051,"date":"2019-06-10T10:46:36","date_gmt":"2019-06-10T08:46:36","guid":{"rendered":""},"modified":"2024-08-20T10:25:31","modified_gmt":"2024-08-20T08:25:31","slug":"masiva-participacion-de-la-utp-en-la-iii-caminata","status":"publish","type":"post","link":"https:\/\/vicerrectorias.utp.edu.co\/responsabilidad-social\/masiva-participacion-de-la-utp-en-la-iii-caminata\/","title":{"rendered":"Masiva participaci\u00f3n de la UTP en la III Caminata"},"content":{"rendered":"\n<p><span class=\"post-content__span\"> Masiva participaci\u00f3n de la UTP en la III Caminata por el Medio Ambiente<\/p>\n\n\n\n<p><span class=\"post-content__span\"> <img decoding=\"async\" src=\"https:\/\/comunicaciones.utp.edu.co\/wp-content\/uploads\/sites\/2\/New-Project-31-.jpg\">Estudiantes, administrativos, docentes y directivas de la Universidad Tecnol\u00f3gica de Pereira participaron activamente de la III Caminata por el Medio Ambiente que este a\u00f1o tuvo como eje central el aire limpio.<\/p>\n\n\n\n<p><span class=\"post-content__span\"> La Universidad Tecnol\u00f3gica de Pereira a trav\u00e9s del Centro de Gesti\u00f3n Ambiental se ha vinculado por tercer a\u00f1o consecutivo a esta importante iniciativa de la Corporaci\u00f3n Aut\u00f3noma Regional de Risaralda. Para esta nueva versi\u00f3n se ampli\u00f3 el n\u00famero de entidades vinculadas, lo que deja en evidencia el aumento en la generaci\u00f3n de conciencia alrededor de la protecci\u00f3n del aire.<\/p>\n\n\n\n<p><span class=\"post-content__span\"> Aproximadamente 4.000 personas se hicieron presentes en la caminata en beneficio del planeta, la actividad buscaba generar espacios que permitieran la realizaci\u00f3n de actividad f\u00edsica por parte de los pereiranos, generando conciencia frente al cuidado del ecosistema.<\/p>\n\n\n\n<p><span class=\"post-content__span\"> La Universidad Tecnol\u00f3gica de Pereira contin\u00faa trabajando en la protecci\u00f3n del medio ambiente y en el desarrollo sostenible a trav\u00e9s de diversas iniciativas, como el Sistema fotovolt\u00e1ico que ya est\u00e1 ubicado en el UTP, y es el m\u00e1s grande del Eje Cafetero, sistema que cubrir\u00e1 el 32% del consumo de energ\u00eda de la universidad.<\/p>\n\n\n\n<p><span class=\"post-content__span\"> En el parque recreacional Lagos de la Pradera concluy\u00f3 la III Caminata con una feria agroindustrial de la cual participaron diferentes microempresarios de la regi\u00f3n.<\/p>\n\n\n\n<p><span class=\"post-content__span\"> <strong><a href=\"https:\/\/photos.app.goo.gl\/8NhLnE7678AuagFbA\" target=\"_blank\" rel=\"noreferrer noopener\">&nbsp;Ver fotograf\u00edas de la caminata.&nbsp;<\/a><\/strong><\/p>\n\n\n\n<figure class=\"wp-block-image\"><img decoding=\"async\" src=\"https:\/\/comunicaciones.utp.edu.co\/wp-content\/uploads\/sites\/2\/CaminataAmbiente2019-54-Pano-00.jpg\" alt=\"\"\/><\/figure>\n\n\n\n<figure class=\"wp-block-image\"><img decoding=\"async\" src=\"https:\/\/comunicaciones.utp.edu.co\/wp-content\/uploads\/sites\/2\/CaminataAmbiente2019-61-JPG.jpg\" alt=\"\"\/><\/figure>\n\n\n\n<figure class=\"wp-block-image\"><img decoding=\"async\" src=\"https:\/\/comunicaciones.utp.edu.co\/wp-content\/uploads\/sites\/2\/CaminataAmbiente2019-115-JPG.jpg\" alt=\"\"\/><\/figure>\n","protected":false},"excerpt":{"rendered":"<p>Masiva participaci\u00f3n de la UTP en la III Caminata por el Medio Ambiente Estudiantes, administrativos, docentes y directivas de la [&hellip;]<\/p>\n","protected":false},"author":0,"featured_media":60447,"comment_status":"closed","ping_status":"closed","sticky":false,"template":"","format":"standard","meta":{"footnotes":""},"categories":[3],"tags":[],"class_list":["post-6051","post","type-post","status-publish","format-standard","has-post-thumbnail","hentry","category-noticias"],"_links":{"self":[{"href":"https:\/\/vicerrectorias.utp.edu.co\/responsabilidad-social\/wp-json\/wp\/v2\/posts\/6051","targetHints":{"allow":["GET"]}}],"collection":[{"href":"https:\/\/vicerrectorias.utp.edu.co\/responsabilidad-social\/wp-json\/wp\/v2\/posts"}],"about":[{"href":"https:\/\/vicerrectorias.utp.edu.co\/responsabilidad-social\/wp-json\/wp\/v2\/types\/post"}],"replies":[{"embeddable":true,"href":"https:\/\/vicerrectorias.utp.edu.co\/responsabilidad-social\/wp-json\/wp\/v2\/comments?post=6051"}],"version-history":[{"count":2,"href":"https:\/\/vicerrectorias.utp.edu.co\/responsabilidad-social\/wp-json\/wp\/v2\/posts\/6051\/revisions"}],"predecessor-version":[{"id":61193,"href":"https:\/\/vicerrectorias.utp.edu.co\/responsabilidad-social\/wp-json\/wp\/v2\/posts\/6051\/revisions\/61193"}],"wp:featuredmedia":[{"embeddable":true,"href":"https:\/\/vicerrectorias.utp.edu.co\/responsabilidad-social\/wp-json\/wp\/v2\/media\/60447"}],"wp:attachment":[{"href":"https:\/\/vicerrectorias.utp.edu.co\/responsabilidad-social\/wp-json\/wp\/v2\/media?parent=6051"}],"wp:term":[{"taxonomy":"category","embeddable":true,"href":"https:\/\/vicerrectorias.utp.edu.co\/responsabilidad-social\/wp-json\/wp\/v2\/categories?post=6051"},{"taxonomy":"post_tag","embeddable":true,"href":"https:\/\/vicerrectorias.utp.edu.co\/responsabilidad-social\/wp-json\/wp\/v2\/tags?post=6051"}],"curies":[{"name":"wp","href":"https:\/\/api.w.org\/{rel}","templated":true}]}}