{"id":6041,"date":"2019-06-06T12:02:52","date_gmt":"2019-06-06T10:02:52","guid":{"rendered":""},"modified":"2024-08-20T14:18:33","modified_gmt":"2024-08-20T12:18:33","slug":"taller-de-participantes-jovenes-en-accion-utp","status":"publish","type":"post","link":"https:\/\/vicerrectorias.utp.edu.co\/responsabilidad-social\/taller-de-participantes-jovenes-en-accion-utp\/","title":{"rendered":"Taller de participantes, J\u00f3venes en Acci\u00f3n UTP"},"content":{"rendered":"\n<p><span class=\"post-content__span\"> Taller de participantes, J\u00f3venes en Acci\u00f3n UTP<\/p>\n\n\n\n<p><span class=\"post-content__span\"> <img decoding=\"async\" src=\"https:\/\/comunicaciones.utp.edu.co\/wp-content\/uploads\/sites\/2\/quieres-ser-joven.jpg\"><\/p>\n\n\n\n<p><span class=\"post-content__span\"> El programa de J\u00f3venes en Acci\u00f3n tiene el gusto de invitarlo al Taller de Participantes que se realizar\u00e1 el d\u00eda viernes 7 de junio de 2019 de 2 a 4 de la tarde en el Coliseo de La Julita.<\/p>\n\n\n\n<p><span class=\"post-content__span\"> Ent\u00e9rate de las \u00faltimas novedades del programa.&nbsp;<\/p>\n\n\n\n<p><span class=\"post-content__span\"> Recuerda que una de tus responsabilidades como Joven en Acci\u00f3n es asistir a todas las reuniones que seas convocado.&nbsp;<\/p>\n\n\n\n<p><span class=\"post-content__span\"> \u00a1Los esperamos!&nbsp;&nbsp;<\/p>\n\n\n\n<p><span class=\"post-content__span\"> Cualquier inquietud pueden comunicarse a los tel\u00e9fonos 3137300 ext. &#8211; 7768 y 7769 o acercarse a la oficina de J\u00f3venes en Acci\u00f3n UTP.&nbsp; ubicada en &#8211; La Julita,&nbsp;17A-202<\/p>\n\n\n\n<figure class=\"wp-block-image\"><img decoding=\"async\" src=\"https:\/\/comunicaciones.utp.edu.co\/wp-content\/uploads\/sites\/2\/WhatsApp-Image-2019-05-29-at-11-53-08-AM-jpeg.jpg\" alt=\"\"\/><\/figure>\n\n\n\n<figure class=\"wp-block-image\"><img decoding=\"async\" src=\"https:\/\/comunicaciones.utp.edu.co\/wp-content\/uploads\/sites\/2\/Permiso-7-de-junio.jpg\" alt=\"\"\/><\/figure>\n","protected":false},"excerpt":{"rendered":"<p>Taller de participantes, J\u00f3venes en Acci\u00f3n UTP El programa de J\u00f3venes en Acci\u00f3n tiene el gusto de invitarlo al Taller [&hellip;]<\/p>\n","protected":false},"author":0,"featured_media":60446,"comment_status":"closed","ping_status":"closed","sticky":false,"template":"","format":"standard","meta":{"footnotes":""},"categories":[3],"tags":[],"class_list":["post-6041","post","type-post","status-publish","format-standard","has-post-thumbnail","hentry","category-noticias"],"_links":{"self":[{"href":"https:\/\/vicerrectorias.utp.edu.co\/responsabilidad-social\/wp-json\/wp\/v2\/posts\/6041","targetHints":{"allow":["GET"]}}],"collection":[{"href":"https:\/\/vicerrectorias.utp.edu.co\/responsabilidad-social\/wp-json\/wp\/v2\/posts"}],"about":[{"href":"https:\/\/vicerrectorias.utp.edu.co\/responsabilidad-social\/wp-json\/wp\/v2\/types\/post"}],"replies":[{"embeddable":true,"href":"https:\/\/vicerrectorias.utp.edu.co\/responsabilidad-social\/wp-json\/wp\/v2\/comments?post=6041"}],"version-history":[{"count":3,"href":"https:\/\/vicerrectorias.utp.edu.co\/responsabilidad-social\/wp-json\/wp\/v2\/posts\/6041\/revisions"}],"predecessor-version":[{"id":61306,"href":"https:\/\/vicerrectorias.utp.edu.co\/responsabilidad-social\/wp-json\/wp\/v2\/posts\/6041\/revisions\/61306"}],"wp:featuredmedia":[{"embeddable":true,"href":"https:\/\/vicerrectorias.utp.edu.co\/responsabilidad-social\/wp-json\/wp\/v2\/media\/60446"}],"wp:attachment":[{"href":"https:\/\/vicerrectorias.utp.edu.co\/responsabilidad-social\/wp-json\/wp\/v2\/media?parent=6041"}],"wp:term":[{"taxonomy":"category","embeddable":true,"href":"https:\/\/vicerrectorias.utp.edu.co\/responsabilidad-social\/wp-json\/wp\/v2\/categories?post=6041"},{"taxonomy":"post_tag","embeddable":true,"href":"https:\/\/vicerrectorias.utp.edu.co\/responsabilidad-social\/wp-json\/wp\/v2\/tags?post=6041"}],"curies":[{"name":"wp","href":"https:\/\/api.w.org\/{rel}","templated":true}]}}