{"id":6031,"date":"2019-06-06T10:38:49","date_gmt":"2019-06-06T08:38:49","guid":{"rendered":""},"modified":"2024-08-20T11:06:22","modified_gmt":"2024-08-20T09:06:22","slug":"posesiones-ante-el-consejo-superior-universitario","status":"publish","type":"post","link":"https:\/\/vicerrectorias.utp.edu.co\/responsabilidad-social\/posesiones-ante-el-consejo-superior-universitario\/","title":{"rendered":"Posesiones ante el Consejo Superior Universitario"},"content":{"rendered":"\n<p><span class=\"post-content__span\"> Posesiones ante el Consejo Superior Universitario<\/p>\n\n\n\n<p><span class=\"post-content__span\"> <img decoding=\"async\" src=\"https:\/\/comunicaciones.utp.edu.co\/wp-content\/uploads\/sites\/2\/New-Project-28-.jpg\"><\/p>\n\n\n\n<p><span class=\"post-content__span\"> Ante el Consejo Superior de la Universidad Tecnol\u00f3gica de Pereira, tomaron posesi\u00f3n de sus nuevos cargos el Representante de los Empleados Administrativos y el Representante de las Directivas Acad\u00e9micas ante el m\u00e1ximo \u00f3rgano de gobierno de la UTP.<\/p>\n\n\n\n<p><span class=\"post-content__span\"> Como nueva Representante de los Empleados Administrativos ante el Consejo Superior Universitario se posesion\u00f3 la ingeniera \u00c1ngela Mar\u00eda Narv\u00e1ez Hincapi\u00e9 y el nuevo Representante de las Directivas Acad\u00e9micas ante el Consejo Superior Universitario es el doctor Wilson Arenas Valencia.<\/p>\n\n\n\n<p><span class=\"post-content__span\"> <strong><a href=\"https:\/\/photos.app.goo.gl\/S7tP14eUZCt6dvwG9\" target=\"_blank\" rel=\"noreferrer noopener\">Ver fotograf\u00edas del evento.&nbsp;<\/a><\/strong><\/p>\n\n\n\n<figure class=\"wp-block-image\"><img decoding=\"async\" src=\"https:\/\/comunicaciones.utp.edu.co\/wp-content\/uploads\/sites\/2\/PosesionesConsejoSuperior-13.jpg\" alt=\"\"\/><\/figure>\n\n\n\n<figure class=\"wp-block-image\"><img decoding=\"async\" src=\"https:\/\/comunicaciones.utp.edu.co\/wp-content\/uploads\/sites\/2\/PosesionesConsejoSuperior-buena.jpg\" alt=\"\"\/><\/figure>\n","protected":false},"excerpt":{"rendered":"<p>Posesiones ante el Consejo Superior Universitario Ante el Consejo Superior de la Universidad Tecnol\u00f3gica de Pereira, tomaron posesi\u00f3n de sus [&hellip;]<\/p>\n","protected":false},"author":0,"featured_media":60445,"comment_status":"closed","ping_status":"closed","sticky":false,"template":"","format":"standard","meta":{"footnotes":""},"categories":[3],"tags":[],"class_list":["post-6031","post","type-post","status-publish","format-standard","has-post-thumbnail","hentry","category-noticias"],"_links":{"self":[{"href":"https:\/\/vicerrectorias.utp.edu.co\/responsabilidad-social\/wp-json\/wp\/v2\/posts\/6031","targetHints":{"allow":["GET"]}}],"collection":[{"href":"https:\/\/vicerrectorias.utp.edu.co\/responsabilidad-social\/wp-json\/wp\/v2\/posts"}],"about":[{"href":"https:\/\/vicerrectorias.utp.edu.co\/responsabilidad-social\/wp-json\/wp\/v2\/types\/post"}],"replies":[{"embeddable":true,"href":"https:\/\/vicerrectorias.utp.edu.co\/responsabilidad-social\/wp-json\/wp\/v2\/comments?post=6031"}],"version-history":[{"count":3,"href":"https:\/\/vicerrectorias.utp.edu.co\/responsabilidad-social\/wp-json\/wp\/v2\/posts\/6031\/revisions"}],"predecessor-version":[{"id":61237,"href":"https:\/\/vicerrectorias.utp.edu.co\/responsabilidad-social\/wp-json\/wp\/v2\/posts\/6031\/revisions\/61237"}],"wp:featuredmedia":[{"embeddable":true,"href":"https:\/\/vicerrectorias.utp.edu.co\/responsabilidad-social\/wp-json\/wp\/v2\/media\/60445"}],"wp:attachment":[{"href":"https:\/\/vicerrectorias.utp.edu.co\/responsabilidad-social\/wp-json\/wp\/v2\/media?parent=6031"}],"wp:term":[{"taxonomy":"category","embeddable":true,"href":"https:\/\/vicerrectorias.utp.edu.co\/responsabilidad-social\/wp-json\/wp\/v2\/categories?post=6031"},{"taxonomy":"post_tag","embeddable":true,"href":"https:\/\/vicerrectorias.utp.edu.co\/responsabilidad-social\/wp-json\/wp\/v2\/tags?post=6031"}],"curies":[{"name":"wp","href":"https:\/\/api.w.org\/{rel}","templated":true}]}}