{"id":6021,"date":"2019-05-31T10:55:10","date_gmt":"2019-05-31T08:55:10","guid":{"rendered":""},"modified":"2024-08-20T14:33:37","modified_gmt":"2024-08-20T12:33:37","slug":"ultima-funcion-antologia-de-la-zarzuela-2019","status":"publish","type":"post","link":"https:\/\/vicerrectorias.utp.edu.co\/responsabilidad-social\/ultima-funcion-antologia-de-la-zarzuela-2019\/","title":{"rendered":"\u00daltima funci\u00f3n \u201cAntolog\u00eda de la Zarzuela 2019\u201d"},"content":{"rendered":"\n<p><span class=\"post-content__span\"> \u00daltima funci\u00f3n \u201cAntolog\u00eda de la Zarzuela 2019\u201d<\/p>\n\n\n\n<p><span class=\"post-content__span\"> <img decoding=\"async\" src=\"https:\/\/comunicaciones.utp.edu.co\/wp-content\/uploads\/sites\/2\/Bono-Zarzuela2-Minatura.jpg\"><\/p>\n\n\n\n<p><span class=\"post-content__span\"> La Orquesta Sinf\u00f3nica proyecto de la Vicerrector\u00eda de Responsabilidad Social y Bienestar Universitario de la Universidad Tecnol\u00f3gica de Pereira, tiene el gusto de invitarlos a la \u00faltima funci\u00f3n de \u201cAntolog\u00eda de la Zarzuela 2019\u201d, el martes 04 de junio en el Teatro Santiago Londo\u00f1o a las 7:00 de la noche con entrada gratuita y boleter\u00eda controlada.<\/p>\n\n\n\n<p><span class=\"post-content__span\"> Antolog\u00eda de la Zarzuela es un recorrido sinf\u00f3nico-coral por las m\u00e1s memorables historias de amor de la escena musical espa\u00f1ola, la Zarzuela se define como una forma de m\u00fasica teatral o g\u00e9nero musical esc\u00e9nico surgido en Espa\u00f1a, que se distingue principalmente por contener partes instrumentales, partes vocales (solos, d\u00faos, coros&#8230;) y partes habladas, aunque existen excepciones, es esta la principal diferencia con las \u00f3peras francesas e italianas, se destacan los m\u00e1s de 90 artistas en escena, entre solistas, coro y orquesta.<\/p>\n\n\n\n<p><span class=\"post-content__span\"> En el mes de marzo se realizaron dos funciones en el Teatro de Bellas Artes de Risaralda en los que se cont\u00f3 con el aforo lleno, cerca de cuatrocientas personas disfrutaron de las puestas en escena, una de ellas en el marco del encuentro nacional de rectores desarrollado en la Universidad Tecnol\u00f3gica de Pereira, visibilizando a nivel nacional el trabajo y nivel art\u00edstico de los procesos liderados dentro del alma mater.<\/p>\n\n\n\n<p><span class=\"post-content__span\"> Para esta \u00faltima funci\u00f3n gratuita, se controlar\u00e1 el ingreso con boleter\u00eda que podr\u00e1 ser reclamada en la Vicerrector\u00eda de Responsabilidad Social y Bienestar Universitario, en horarios de 8:00 AM a 12:00 M y de 2:00 PM a 5:00 PM, oficina 210, edificio 2 de la Universidad Tecnol\u00f3gica de Pereira y en el teatro, previa inscripci\u00f3n en el siguiente formulario:&nbsp;<a href=\"https:\/\/forms.gle\/rrgn1ipHdtfxLdFx8\">https:\/\/forms.gle\/rrgn1ipHdtfxLdFx8<\/a><\/p>\n\n\n\n<p><span class=\"post-content__span\"> Los esperamos en este grandioso montaje que involucra voces l\u00edricas, corales e instrumentistas en un montaje sin precedentes abierto a toda la ciudadan\u00eda de Pereira.<\/p>\n","protected":false},"excerpt":{"rendered":"<p>\u00daltima funci\u00f3n \u201cAntolog\u00eda de la Zarzuela 2019\u201d La Orquesta Sinf\u00f3nica proyecto de la Vicerrector\u00eda de Responsabilidad Social y Bienestar Universitario [&hellip;]<\/p>\n","protected":false},"author":0,"featured_media":60444,"comment_status":"closed","ping_status":"closed","sticky":false,"template":"","format":"standard","meta":{"footnotes":""},"categories":[3],"tags":[],"class_list":["post-6021","post","type-post","status-publish","format-standard","has-post-thumbnail","hentry","category-noticias"],"_links":{"self":[{"href":"https:\/\/vicerrectorias.utp.edu.co\/responsabilidad-social\/wp-json\/wp\/v2\/posts\/6021","targetHints":{"allow":["GET"]}}],"collection":[{"href":"https:\/\/vicerrectorias.utp.edu.co\/responsabilidad-social\/wp-json\/wp\/v2\/posts"}],"about":[{"href":"https:\/\/vicerrectorias.utp.edu.co\/responsabilidad-social\/wp-json\/wp\/v2\/types\/post"}],"replies":[{"embeddable":true,"href":"https:\/\/vicerrectorias.utp.edu.co\/responsabilidad-social\/wp-json\/wp\/v2\/comments?post=6021"}],"version-history":[{"count":3,"href":"https:\/\/vicerrectorias.utp.edu.co\/responsabilidad-social\/wp-json\/wp\/v2\/posts\/6021\/revisions"}],"predecessor-version":[{"id":61319,"href":"https:\/\/vicerrectorias.utp.edu.co\/responsabilidad-social\/wp-json\/wp\/v2\/posts\/6021\/revisions\/61319"}],"wp:featuredmedia":[{"embeddable":true,"href":"https:\/\/vicerrectorias.utp.edu.co\/responsabilidad-social\/wp-json\/wp\/v2\/media\/60444"}],"wp:attachment":[{"href":"https:\/\/vicerrectorias.utp.edu.co\/responsabilidad-social\/wp-json\/wp\/v2\/media?parent=6021"}],"wp:term":[{"taxonomy":"category","embeddable":true,"href":"https:\/\/vicerrectorias.utp.edu.co\/responsabilidad-social\/wp-json\/wp\/v2\/categories?post=6021"},{"taxonomy":"post_tag","embeddable":true,"href":"https:\/\/vicerrectorias.utp.edu.co\/responsabilidad-social\/wp-json\/wp\/v2\/tags?post=6021"}],"curies":[{"name":"wp","href":"https:\/\/api.w.org\/{rel}","templated":true}]}}