{"id":6011,"date":"2019-05-30T11:43:26","date_gmt":"2019-05-30T09:43:26","guid":{"rendered":""},"modified":"2024-08-16T08:03:51","modified_gmt":"2024-08-16T06:03:51","slug":"concierto-de-temporada-2019-orquesta-sinfonica-utp","status":"publish","type":"post","link":"https:\/\/vicerrectorias.utp.edu.co\/responsabilidad-social\/concierto-de-temporada-2019-orquesta-sinfonica-utp\/","title":{"rendered":"Concierto de Temporada 2019 Orquesta Sinf\u00f3nica UTP"},"content":{"rendered":"\n<p><span class=\"post-content__span\"> Concierto de Temporada 2019 de la Orquesta Sinf\u00f3nica de la UTP<\/p>\n\n\n\n<p><span class=\"post-content__span\"> <img decoding=\"async\" src=\"https:\/\/comunicaciones.utp.edu.co\/wp-content\/uploads\/sites\/2\/New-Project-6-.jpg\"><\/p>\n\n\n\n<p><span class=\"post-content__span\"> La noche del mi\u00e9rcoles 29 de mayo, la Catedral Nuestra Se\u00f1ora de la Pobreza fue el escenario del Segundo Concierto de Temporada 2019, \u00abTchaikovsky, Quinta Sinfon\u00eda\u00bb de la Orquesta Sinf\u00f3nica de la Universidad Tecnol\u00f3gica de Pereira, cerca de las 6:30 pm comenz\u00f3 a llegar el p\u00fablico pereirano a disfrutar de este gran concierto, bajo la batuta del maestro Leopoldo L\u00f3pez Gonz\u00e1lez.<\/p>\n\n\n\n<p><span class=\"post-content__span\"> Con los conciertos de la temporada 2019 de la Orquesta Sinf\u00f3nica, agrupaci\u00f3n conformada por 56 m\u00fasicos, espera acercar a la comunidad universitaria UTP y a la ciudadan\u00eda de Pereira a todas las actividades de la orquesta, nutriendo la escena cultural pereirana y a su vez convocar a la empresa p\u00fablica y privada a sumarse a este gran proyecto de ciudad y regi\u00f3n.<\/p>\n\n\n\n<p><span class=\"post-content__span\"> Para el martes 04 de junio se realizar\u00e1 la \u00faltima funci\u00f3n de \u00abAntolog\u00eda de la Zarzuela 2019\u00bb, concierto que suma al Coro Sinf\u00f3nico y voces solistas de la Escuela de M\u00fasica UTP, ser\u00e1n cerca de 95 m\u00fasicos en el escenario del Teatro Santiago Londo\u00f1o, interpretando un recorrido musical por las m\u00e1s memorables obras de este g\u00e9nero musical espa\u00f1ol que evoca pintorescas historias de la cotidianidad.<\/p>\n\n\n\n<p><span class=\"post-content__span\"> El ingreso a este concierto ser\u00e1 controlado con boleter\u00eda, se podr\u00e1 reclamar de manera gratuita en la Vicerrectoria de Responsabilidad Social y Bienestar Universitario, oficina 210, edificio 2 de la Universidad Tecnol\u00f3gica de Pereira y en el teatro, previa inscripci\u00f3n en el siguiente formulario:&nbsp;<a href=\"https:\/\/forms.gle\/g6ggfQ8qhdCQQMqG9\" target=\"_blank\" rel=\"noreferrer noopener\">https:\/\/forms.gle\/g6ggfQ8qhdCQQMqG9<\/a><\/p>\n\n\n\n<p><span class=\"post-content__span\"> <strong><a href=\"https:\/\/photos.app.goo.gl\/4RzAtR8o95sRv99G6\" target=\"_blank\" rel=\"noreferrer noopener\">Ver todas las fotos del concierto.<\/a><\/strong><\/p>\n\n\n\n<figure class=\"wp-block-image\"><img decoding=\"async\" src=\"https:\/\/comunicaciones.utp.edu.co\/wp-content\/uploads\/sites\/2\/concierto-1.jpg\" alt=\"\"\/><\/figure>\n\n\n\n<figure class=\"wp-block-image\"><img decoding=\"async\" src=\"https:\/\/comunicaciones.utp.edu.co\/wp-content\/uploads\/sites\/2\/concierto-2.jpg\" alt=\"\"\/><\/figure>\n\n\n\n<figure class=\"wp-block-image\"><img decoding=\"async\" src=\"https:\/\/comunicaciones.utp.edu.co\/wp-content\/uploads\/sites\/2\/concierto-3.jpg\" alt=\"\"\/><\/figure>\n","protected":false},"excerpt":{"rendered":"<p>Concierto de Temporada 2019 de la Orquesta Sinf\u00f3nica de la UTP La noche del mi\u00e9rcoles 29 de mayo, la Catedral [&hellip;]<\/p>\n","protected":false},"author":0,"featured_media":60443,"comment_status":"closed","ping_status":"closed","sticky":false,"template":"","format":"standard","meta":{"footnotes":""},"categories":[3],"tags":[],"class_list":["post-6011","post","type-post","status-publish","format-standard","has-post-thumbnail","hentry","category-noticias"],"_links":{"self":[{"href":"https:\/\/vicerrectorias.utp.edu.co\/responsabilidad-social\/wp-json\/wp\/v2\/posts\/6011","targetHints":{"allow":["GET"]}}],"collection":[{"href":"https:\/\/vicerrectorias.utp.edu.co\/responsabilidad-social\/wp-json\/wp\/v2\/posts"}],"about":[{"href":"https:\/\/vicerrectorias.utp.edu.co\/responsabilidad-social\/wp-json\/wp\/v2\/types\/post"}],"replies":[{"embeddable":true,"href":"https:\/\/vicerrectorias.utp.edu.co\/responsabilidad-social\/wp-json\/wp\/v2\/comments?post=6011"}],"version-history":[{"count":3,"href":"https:\/\/vicerrectorias.utp.edu.co\/responsabilidad-social\/wp-json\/wp\/v2\/posts\/6011\/revisions"}],"predecessor-version":[{"id":60848,"href":"https:\/\/vicerrectorias.utp.edu.co\/responsabilidad-social\/wp-json\/wp\/v2\/posts\/6011\/revisions\/60848"}],"wp:featuredmedia":[{"embeddable":true,"href":"https:\/\/vicerrectorias.utp.edu.co\/responsabilidad-social\/wp-json\/wp\/v2\/media\/60443"}],"wp:attachment":[{"href":"https:\/\/vicerrectorias.utp.edu.co\/responsabilidad-social\/wp-json\/wp\/v2\/media?parent=6011"}],"wp:term":[{"taxonomy":"category","embeddable":true,"href":"https:\/\/vicerrectorias.utp.edu.co\/responsabilidad-social\/wp-json\/wp\/v2\/categories?post=6011"},{"taxonomy":"post_tag","embeddable":true,"href":"https:\/\/vicerrectorias.utp.edu.co\/responsabilidad-social\/wp-json\/wp\/v2\/tags?post=6011"}],"curies":[{"name":"wp","href":"https:\/\/api.w.org\/{rel}","templated":true}]}}