{"id":5991,"date":"2019-05-28T12:02:23","date_gmt":"2019-05-28T10:02:23","guid":{"rendered":""},"modified":"2024-08-20T14:06:15","modified_gmt":"2024-08-20T12:06:15","slug":"segundo-concierto-de-temporada-2019-tchaikovsky","status":"publish","type":"post","link":"https:\/\/vicerrectorias.utp.edu.co\/responsabilidad-social\/segundo-concierto-de-temporada-2019-tchaikovsky\/","title":{"rendered":"Segundo concierto de temporada 2019 Tchaikovsky,"},"content":{"rendered":"\n<p><span class=\"post-content__span\"> Segundo concierto de temporada \u201cTchaikovsky, Quinta Sinfon\u00eda\u201d<\/p>\n\n\n\n<p><span class=\"post-content__span\"> <img decoding=\"async\" src=\"https:\/\/comunicaciones.utp.edu.co\/wp-content\/uploads\/sites\/2\/Segundo-Concierto-de-Temporada-Tchaikovsky-Quinta-Sinfonia-miantura.jpg\"><\/p>\n\n\n\n<p><span class=\"post-content__span\"> La Orquesta Sinf\u00f3nica, proyecto de la Vicerrector\u00eda de Responsabilidad Social y Bienestar Universitario de la Universidad Tecnol\u00f3gica de Pereira, tiene el gusto de invitarlos a la repetici\u00f3n de su segundo concierto de temporada \u201cTchaikovsky, Quinta Sinfon\u00eda\u201d, el mi\u00e9rcoles 29 de mayo en la Catedral Nuestra Se\u00f1ora de la Pobreza a las 7:00 de la noche con entrada gratuita.<\/p>\n\n\n\n<p><span class=\"post-content__span\"> La Quinta Sinfon\u00eda del compositor Piotr Illich Tchaikovsky s una composici\u00f3n que ocupa todo el gran formato orquestal, es decir, utiliza todos los instrumentos de la orquesta sinf\u00f3nica; hace parte de las sinfon\u00edas autobiogr\u00e1ficas en donde el autor pretende plasmar aspectos de su vida, su estructura y musicalidad son com\u00fanmente relacionadas con el destino, \u201csus movimientos c\u00edclicos est\u00e1n asociados en todo momento con la incapacidad del ser humano de oponerse a \u00e9l\u201d, resalta Leopoldo L\u00f3pez, director de la Orquesta Sinf\u00f3nica UTP.<\/p>\n\n\n\n<p><span class=\"post-content__span\"> Para la noche de gala, en el Teatro de Bellas Artes, se cont\u00f3 con el aforo lleno, cerca de doscientas cincuenta personas disfrutaron de la primera interpretaci\u00f3n de la sinfon\u00eda por parte de una orquesta pereirana, esperamos convertir a la Orquesta Sinf\u00f3nica de la Universidad Tecnol\u00f3gica de Pereira en un proyecto de ciudad que nutra la agenda cultural de la ciudad y del departamento por medio de los conciertos de temporada y del apoyo de la empresa p\u00fablica y privada.<\/p>\n\n\n\n<p><span class=\"post-content__span\"> Adicionalmente, el martes 04 de junio se desarrollar\u00e1 la \u00faltima funci\u00f3n de \u201cAntolog\u00eda de la Zarzuela 2019\u201d en el Teatro Santiago Londo\u00f1o a las 7:00 PM, se dispondr\u00e1 de un formulario de inscripci\u00f3n virtual y f\u00edsico para la entrega de boleter\u00eda durante la pr\u00f3xima semana, tendr\u00e1 prioridad el p\u00fablico inscrito para las funciones de marzo que no alcanz\u00f3 ingreso.<\/p>\n\n\n\n<p><span class=\"post-content__span\"> \u00a1Los Esperamos!<\/p>\n","protected":false},"excerpt":{"rendered":"<p>Segundo concierto de temporada \u201cTchaikovsky, Quinta Sinfon\u00eda\u201d La Orquesta Sinf\u00f3nica, proyecto de la Vicerrector\u00eda de Responsabilidad Social y Bienestar Universitario [&hellip;]<\/p>\n","protected":false},"author":0,"featured_media":60441,"comment_status":"closed","ping_status":"closed","sticky":false,"template":"","format":"standard","meta":{"footnotes":""},"categories":[3],"tags":[],"class_list":["post-5991","post","type-post","status-publish","format-standard","has-post-thumbnail","hentry","category-noticias"],"_links":{"self":[{"href":"https:\/\/vicerrectorias.utp.edu.co\/responsabilidad-social\/wp-json\/wp\/v2\/posts\/5991","targetHints":{"allow":["GET"]}}],"collection":[{"href":"https:\/\/vicerrectorias.utp.edu.co\/responsabilidad-social\/wp-json\/wp\/v2\/posts"}],"about":[{"href":"https:\/\/vicerrectorias.utp.edu.co\/responsabilidad-social\/wp-json\/wp\/v2\/types\/post"}],"replies":[{"embeddable":true,"href":"https:\/\/vicerrectorias.utp.edu.co\/responsabilidad-social\/wp-json\/wp\/v2\/comments?post=5991"}],"version-history":[{"count":3,"href":"https:\/\/vicerrectorias.utp.edu.co\/responsabilidad-social\/wp-json\/wp\/v2\/posts\/5991\/revisions"}],"predecessor-version":[{"id":61292,"href":"https:\/\/vicerrectorias.utp.edu.co\/responsabilidad-social\/wp-json\/wp\/v2\/posts\/5991\/revisions\/61292"}],"wp:featuredmedia":[{"embeddable":true,"href":"https:\/\/vicerrectorias.utp.edu.co\/responsabilidad-social\/wp-json\/wp\/v2\/media\/60441"}],"wp:attachment":[{"href":"https:\/\/vicerrectorias.utp.edu.co\/responsabilidad-social\/wp-json\/wp\/v2\/media?parent=5991"}],"wp:term":[{"taxonomy":"category","embeddable":true,"href":"https:\/\/vicerrectorias.utp.edu.co\/responsabilidad-social\/wp-json\/wp\/v2\/categories?post=5991"},{"taxonomy":"post_tag","embeddable":true,"href":"https:\/\/vicerrectorias.utp.edu.co\/responsabilidad-social\/wp-json\/wp\/v2\/tags?post=5991"}],"curies":[{"name":"wp","href":"https:\/\/api.w.org\/{rel}","templated":true}]}}