{"id":5981,"date":"2019-05-27T11:26:28","date_gmt":"2019-05-27T09:26:28","guid":{"rendered":""},"modified":"2024-08-15T15:52:38","modified_gmt":"2024-08-15T13:52:38","slug":"inauguracion-del-centro-de-desarrollo-fisico","status":"publish","type":"post","link":"https:\/\/vicerrectorias.utp.edu.co\/responsabilidad-social\/inauguracion-del-centro-de-desarrollo-fisico\/","title":{"rendered":"INAUGURACI\u00d3N DEL CENTRO DE DESARROLLO F\u00cdSICO"},"content":{"rendered":"\n<p><span class=\"post-content__span\"> El Se\u00f1or Rector de la Universidad Tecnol\u00f3gica de Pereira, Doctor Luis Fernando Gaviria Trujillo se permite invitarle a la<strong>\u201cINAUGURACI\u00d3N DEL CENTRO DE DESARROLLO F\u00cdSICO\u201d<\/strong>.<\/p>\n\n\n\n<p><span class=\"post-content__span\"> <span>Se siente muy honrado de estar acompa\u00f1ado de este gran equipo que ha contribuido al escal\u00f3n en el cual se encuentra hoy la Universidad en el \u00e1mbito nacional e internacional, motivo por el cual espera contar con su presencia.<\/span><\/p>\n\n\n\n<p><span class=\"post-content__span\"> <span>Para el manejo de la log\u00edstica, seguridad y protocolo del evento agradece confirmar oportunamente la asistencia.<\/span><\/p>\n\n\n\n<figure class=\"wp-block-image\"><img decoding=\"async\" src=\"https:\/\/vicerrectorias.utp.edu.co\/responsabilidad-social\/wp-content\/uploads\/sites\/12\/image%20%284%29.png\" alt=\"\"\/><\/figure>\n","protected":false},"excerpt":{"rendered":"<p>El Se\u00f1or Rector de la Universidad Tecnol\u00f3gica de Pereira, Doctor Luis Fernando Gaviria Trujillo se permite invitarle a la\u201cINAUGURACI\u00d3N DEL [&hellip;]<\/p>\n","protected":false},"author":0,"featured_media":60440,"comment_status":"closed","ping_status":"closed","sticky":false,"template":"","format":"standard","meta":{"footnotes":""},"categories":[3],"tags":[],"class_list":["post-5981","post","type-post","status-publish","format-standard","has-post-thumbnail","hentry","category-noticias"],"_links":{"self":[{"href":"https:\/\/vicerrectorias.utp.edu.co\/responsabilidad-social\/wp-json\/wp\/v2\/posts\/5981","targetHints":{"allow":["GET"]}}],"collection":[{"href":"https:\/\/vicerrectorias.utp.edu.co\/responsabilidad-social\/wp-json\/wp\/v2\/posts"}],"about":[{"href":"https:\/\/vicerrectorias.utp.edu.co\/responsabilidad-social\/wp-json\/wp\/v2\/types\/post"}],"replies":[{"embeddable":true,"href":"https:\/\/vicerrectorias.utp.edu.co\/responsabilidad-social\/wp-json\/wp\/v2\/comments?post=5981"}],"version-history":[{"count":1,"href":"https:\/\/vicerrectorias.utp.edu.co\/responsabilidad-social\/wp-json\/wp\/v2\/posts\/5981\/revisions"}],"predecessor-version":[{"id":9021,"href":"https:\/\/vicerrectorias.utp.edu.co\/responsabilidad-social\/wp-json\/wp\/v2\/posts\/5981\/revisions\/9021"}],"wp:featuredmedia":[{"embeddable":true,"href":"https:\/\/vicerrectorias.utp.edu.co\/responsabilidad-social\/wp-json\/wp\/v2\/media\/60440"}],"wp:attachment":[{"href":"https:\/\/vicerrectorias.utp.edu.co\/responsabilidad-social\/wp-json\/wp\/v2\/media?parent=5981"}],"wp:term":[{"taxonomy":"category","embeddable":true,"href":"https:\/\/vicerrectorias.utp.edu.co\/responsabilidad-social\/wp-json\/wp\/v2\/categories?post=5981"},{"taxonomy":"post_tag","embeddable":true,"href":"https:\/\/vicerrectorias.utp.edu.co\/responsabilidad-social\/wp-json\/wp\/v2\/tags?post=5981"}],"curies":[{"name":"wp","href":"https:\/\/api.w.org\/{rel}","templated":true}]}}