{"id":5961,"date":"2019-05-20T10:56:33","date_gmt":"2019-05-20T08:56:33","guid":{"rendered":""},"modified":"2024-08-15T15:52:38","modified_gmt":"2024-08-15T13:52:38","slug":"comunicado-administracion-escenarios-deportivos","status":"publish","type":"post","link":"https:\/\/vicerrectorias.utp.edu.co\/responsabilidad-social\/comunicado-administracion-escenarios-deportivos\/","title":{"rendered":"Comunicado Administraci\u00f3n Escenarios Deportivos"},"content":{"rendered":"\n<p><span class=\"post-content__span\"> Universidad Tecnol\u00f3gica de Pereira<\/p>\n\n\n\n<p><span class=\"post-content__span\"> 20 de mayo de 2019<\/p>\n\n\n\n<p><span class=\"post-content__span\"> Vicerrector\u00eda de&nbsp; responsabilidad social y bienestar universitario<\/p>\n\n\n\n<p><span class=\"post-content__span\"> Desde la administraci\u00f3n de escenarios deportivos queremos expresar agradecimientos a todas las personas que cedieron &nbsp;sus espacios de pr\u00e1ctica recreativa en las canchas sint\u00e9ticas &nbsp;el d\u00eda viernes 17 de mayo en horas de la tarde y noche para dar paso a la normal realizaci\u00f3n del zonal universitario de ultimate para estudiantes; dicho evento fue reubicado por factores clim\u00e1ticos, los cuales afectaron el estado de la cancha de futbol principal e hicieron riesgosa la pr\u00e1ctica deportiva en este espacio, forzando el traslado temporal para el adecuado desarrollo de dicho evento.<\/p>\n\n\n\n<p><span class=\"post-content__span\"> As\u00ed mismo tambi\u00e9n se informa a estas personas, que tendr\u00e1n prioridad en el momento del pr\u00e9stamo de escenarios deportivos para esta semana, esto a raz\u00f3n de &nbsp;compensar el tiempo de sus pr\u00e1cticas que fueron interrumpidas o que no fueron realizadas.<\/p>\n\n\n\n<p><span class=\"post-content__span\"> Por su comprensi\u00f3n&nbsp; y recepci\u00f3n, agradecimiento.<\/p>\n\n\n\n<p><span class=\"post-content__span\"> Administraci\u00f3n de escenarios deportivos de la universidad tecnol\u00f3gica de Pereira.<\/p>\n","protected":false},"excerpt":{"rendered":"<p>Universidad Tecnol\u00f3gica de Pereira 20 de mayo de 2019 Vicerrector\u00eda de&nbsp; responsabilidad social y bienestar universitario Desde la administraci\u00f3n de [&hellip;]<\/p>\n","protected":false},"author":0,"featured_media":60438,"comment_status":"closed","ping_status":"closed","sticky":false,"template":"","format":"standard","meta":{"footnotes":""},"categories":[3],"tags":[],"class_list":["post-5961","post","type-post","status-publish","format-standard","has-post-thumbnail","hentry","category-noticias"],"_links":{"self":[{"href":"https:\/\/vicerrectorias.utp.edu.co\/responsabilidad-social\/wp-json\/wp\/v2\/posts\/5961","targetHints":{"allow":["GET"]}}],"collection":[{"href":"https:\/\/vicerrectorias.utp.edu.co\/responsabilidad-social\/wp-json\/wp\/v2\/posts"}],"about":[{"href":"https:\/\/vicerrectorias.utp.edu.co\/responsabilidad-social\/wp-json\/wp\/v2\/types\/post"}],"replies":[{"embeddable":true,"href":"https:\/\/vicerrectorias.utp.edu.co\/responsabilidad-social\/wp-json\/wp\/v2\/comments?post=5961"}],"version-history":[{"count":1,"href":"https:\/\/vicerrectorias.utp.edu.co\/responsabilidad-social\/wp-json\/wp\/v2\/posts\/5961\/revisions"}],"predecessor-version":[{"id":9023,"href":"https:\/\/vicerrectorias.utp.edu.co\/responsabilidad-social\/wp-json\/wp\/v2\/posts\/5961\/revisions\/9023"}],"wp:featuredmedia":[{"embeddable":true,"href":"https:\/\/vicerrectorias.utp.edu.co\/responsabilidad-social\/wp-json\/wp\/v2\/media\/60438"}],"wp:attachment":[{"href":"https:\/\/vicerrectorias.utp.edu.co\/responsabilidad-social\/wp-json\/wp\/v2\/media?parent=5961"}],"wp:term":[{"taxonomy":"category","embeddable":true,"href":"https:\/\/vicerrectorias.utp.edu.co\/responsabilidad-social\/wp-json\/wp\/v2\/categories?post=5961"},{"taxonomy":"post_tag","embeddable":true,"href":"https:\/\/vicerrectorias.utp.edu.co\/responsabilidad-social\/wp-json\/wp\/v2\/tags?post=5961"}],"curies":[{"name":"wp","href":"https:\/\/api.w.org\/{rel}","templated":true}]}}