{"id":5951,"date":"2019-05-16T16:43:42","date_gmt":"2019-05-16T14:43:42","guid":{"rendered":""},"modified":"2024-08-16T11:11:02","modified_gmt":"2024-08-16T09:11:02","slug":"dia-del-docente-2019","status":"publish","type":"post","link":"https:\/\/vicerrectorias.utp.edu.co\/responsabilidad-social\/dia-del-docente-2019\/","title":{"rendered":"D\u00eda del Docente 2019"},"content":{"rendered":"\n<p><span class=\"post-content__span\"> Conmemoraci\u00f3n D\u00eda del Docente<\/p>\n\n\n\n<figure class=\"wp-block-image size-large\"><img decoding=\"async\" src=\"https:\/\/vicerrectorias.utp.edu.co\/responsabilidad-social\/wp-content\/uploads\/sites\/12\/IMG_0903.jpg\" alt=\"\"\/><\/figure>\n\n\n\n<figure class=\"wp-block-image size-large\"><img decoding=\"async\" src=\"https:\/\/vicerrectorias.utp.edu.co\/responsabilidad-social\/wp-content\/uploads\/sites\/12\/IMG_0903.jpg\" alt=\"\"\/><\/figure>\n\n\n\n<p><span class=\"post-content__span\"> \u00a0La Universidad Tecnol\u00f3gica de Pereira realiz\u00f3 el reconocimiento a los docentes de la Instituci\u00f3n por el trabajo que realizan d\u00eda a d\u00eda en la formaci\u00f3n de los estudiantes y el compromiso con el desarrollan su labor.<\/p>\n\n\n\n<p><span class=\"post-content__span\"> El rector de la Universidad Tecnol\u00f3gica de Pereira, Luis Fernando Gaviria Trujillo, exalt\u00f3 el trabajo realizado por los docentes, y reconoci\u00f3 la importancia de la labor que ejercen en el proceso de formaci\u00f3n de los estudiantes de la UTP.<\/p>\n\n\n\n<p><span class=\"post-content__span\"> Los docentes de la Universidad Tecnol\u00f3gica de Pereira disfrutaron de la presentaci\u00f3n del interprete solista estudiante de la UTP Oscar Andr\u00e9s Mu\u00f1oz. Adem\u00e1s de la presentaci\u00f3n del grupo de baile de la Universidad del Quind\u00edo.<\/p>\n","protected":false},"excerpt":{"rendered":"<p>Conmemoraci\u00f3n D\u00eda del Docente \u00a0La Universidad Tecnol\u00f3gica de Pereira realiz\u00f3 el reconocimiento a los docentes de la Instituci\u00f3n por el [&hellip;]<\/p>\n","protected":false},"author":0,"featured_media":60437,"comment_status":"closed","ping_status":"closed","sticky":false,"template":"","format":"standard","meta":{"footnotes":""},"categories":[3],"tags":[],"class_list":["post-5951","post","type-post","status-publish","format-standard","has-post-thumbnail","hentry","category-noticias"],"_links":{"self":[{"href":"https:\/\/vicerrectorias.utp.edu.co\/responsabilidad-social\/wp-json\/wp\/v2\/posts\/5951","targetHints":{"allow":["GET"]}}],"collection":[{"href":"https:\/\/vicerrectorias.utp.edu.co\/responsabilidad-social\/wp-json\/wp\/v2\/posts"}],"about":[{"href":"https:\/\/vicerrectorias.utp.edu.co\/responsabilidad-social\/wp-json\/wp\/v2\/types\/post"}],"replies":[{"embeddable":true,"href":"https:\/\/vicerrectorias.utp.edu.co\/responsabilidad-social\/wp-json\/wp\/v2\/comments?post=5951"}],"version-history":[{"count":4,"href":"https:\/\/vicerrectorias.utp.edu.co\/responsabilidad-social\/wp-json\/wp\/v2\/posts\/5951\/revisions"}],"predecessor-version":[{"id":60928,"href":"https:\/\/vicerrectorias.utp.edu.co\/responsabilidad-social\/wp-json\/wp\/v2\/posts\/5951\/revisions\/60928"}],"wp:featuredmedia":[{"embeddable":true,"href":"https:\/\/vicerrectorias.utp.edu.co\/responsabilidad-social\/wp-json\/wp\/v2\/media\/60437"}],"wp:attachment":[{"href":"https:\/\/vicerrectorias.utp.edu.co\/responsabilidad-social\/wp-json\/wp\/v2\/media?parent=5951"}],"wp:term":[{"taxonomy":"category","embeddable":true,"href":"https:\/\/vicerrectorias.utp.edu.co\/responsabilidad-social\/wp-json\/wp\/v2\/categories?post=5951"},{"taxonomy":"post_tag","embeddable":true,"href":"https:\/\/vicerrectorias.utp.edu.co\/responsabilidad-social\/wp-json\/wp\/v2\/tags?post=5951"}],"curies":[{"name":"wp","href":"https:\/\/api.w.org\/{rel}","templated":true}]}}