{"id":5941,"date":"2019-05-13T10:47:25","date_gmt":"2019-05-13T08:47:25","guid":{"rendered":""},"modified":"2024-08-16T07:20:14","modified_gmt":"2024-08-16T05:20:14","slug":"centro-de-desarrollo-fisico-y-piscinas","status":"publish","type":"post","link":"https:\/\/vicerrectorias.utp.edu.co\/responsabilidad-social\/centro-de-desarrollo-fisico-y-piscinas\/","title":{"rendered":"Centro de Desarrollo F\u00edsico y Piscinas"},"content":{"rendered":"\n<p><span class=\"post-content__span\"> VRSBU recibe oficialmente Centro de Desarrollo F\u00edsico y Piscinas<\/p>\n\n\n\n<p><span class=\"post-content__span\"> <img decoding=\"async\" src=\"https:\/\/comunicaciones.utp.edu.co\/wp-content\/uploads\/sites\/2\/Piscina-spequena.jpg\"><\/p>\n\n\n\n<p><span class=\"post-content__span\"> La oficina de Planeaci\u00f3n de la Universidad Tecnol\u00f3gica de Pereira entreg\u00f3 administraci\u00f3n del Centro de Desarrollo F\u00edsico y Piscinas a La Vicerrector\u00eda de Responsabilidad Social y Bienestar Universitario.<\/p>\n\n\n\n<p><span class=\"post-content__span\"> A partir de ahora la administraci\u00f3n del Centro de Desarrollo F\u00edsico y Piscinas de la Universidad Tecnol\u00f3gica de Pereira est\u00e1 a cargo de la Vicerrector\u00eda de Responsabilidad Social y Bienestar Universitario, que ser\u00e1 la encargada de ponerlo a disposici\u00f3n de los deportistas, estudiantes, docentes, administrativos y comunidad universitaria en general. &nbsp;<\/p>\n\n\n\n<p><span class=\"post-content__span\"> Actualmente ya se dio inicio al uso para entrenamiento del Centro de Desarrollo F\u00edsico y Piscinas, y la Vicerrector\u00eda de Responsabilidad Social y Bienestar Universitario est\u00e1 adecuando el sistema para poner las obras al servicio de los diferentes miembros de la comunidad universitaria para uso recreativo.<\/p>\n\n\n\n<p><span class=\"post-content__span\"> Durante la entrega se hizo presente Luis Fernando Ossa, egresado de la Universidad Tecnol\u00f3gica de Pereira, gerente de una importante empresa pereirana quien don\u00f3 los dise\u00f1os de Centro de Desarrollo F\u00edsico y Piscinas de la Universidad Tecnol\u00f3gica de Pereira. Luis Fernando Ossa reafirm\u00f3 su disposici\u00f3n de continuar apoyando los procesos que se realizan desde la UTP, asegur\u00f3 que se siente orgulloso y agradecido con la universidad.<\/p>\n\n\n\n<figure class=\"wp-block-image is-resized\"><img decoding=\"async\" src=\"https:\/\/comunicaciones.utp.edu.co\/wp-content\/uploads\/sites\/2\/RecorridoLuisFdoOssaGerenciar-53.jpg\" alt=\"\" style=\"width:665px;height:auto\"\/><\/figure>\n\n\n\n<p><span class=\"post-content__span\"> <strong><a href=\"https:\/\/photos.app.goo.gl\/p53e5QtFFnH1RSj76\">Ver fotograf\u00edas del evento.&nbsp;<\/a><\/strong><\/p>\n\n\n\n<p><span class=\"post-content__span\"> <strong>La Obra entregada<\/strong><\/p>\n\n\n\n<p><span class=\"post-content__span\"> Son dos&nbsp;piscinas, una semi-ol\u00edmpica con una&nbsp;dimensi\u00f3n de 25 metros por 21 metros y un volumen de agua de 1.100 metros c\u00fabico, totalmente climatizada y otra de formaci\u00f3n de 18 metros por 10.6 metros y con un volumen de agua de 305 metros c\u00fabicos.<\/p>\n\n\n\n<p><span class=\"post-content__span\"> A un lado de las&nbsp;piscinas&nbsp;se cuenta con una edificaci\u00f3n, que en su primer piso alberga la zona h\u00fameda (bater\u00edas sanitarias, duchas, zona de casilleros) que se entregan completamente dotadas con casilleros, amueblamiento en el \u00e1rea de las&nbsp;piscinas. En el segundo piso el Centro de Desarrollo F\u00edsico, con un \u00e1rea total de 1048 metros cuadrados que tiene 16 el\u00edpticas y 2 bicicletas para Spinning.<\/p>\n\n\n\n<p><span class=\"post-content__span\"> Las&nbsp;piscinas&nbsp;cuentan tambi\u00e9n con una zona de control de acceso y un \u00e1rea para clases grupales, con un \u00e1rea total de 345 metros cuadrados y una grader\u00eda para el p\u00fablico y urbanismo de acceso con un \u00e1rea construida de 1.100 metros cuadrados. Para el soporte y funcionamiento de las&nbsp;piscinas, se cuenta con cuatro pasillos t\u00e9cnicos, cuarto t\u00e9cnico con los equipos para el tratamiento de agua y cuatro cuartos para bodegaje de carriles, insumos qu\u00edmicos y laboratorio para an\u00e1lisis de agua, que en su conjunto complementan un \u00e1rea de 450 metros cuadrados.<\/p>\n\n\n\n<figure class=\"wp-block-image\"><img decoding=\"async\" src=\"https:\/\/comunicaciones.utp.edu.co\/wp-content\/uploads\/sites\/2\/RecorridoLuisFdoOssaGerenciar-87.jpg\" alt=\"\"\/><\/figure>\n\n\n\n<figure class=\"wp-block-image\"><img decoding=\"async\" src=\"https:\/\/comunicaciones.utp.edu.co\/wp-content\/uploads\/sites\/2\/RecorridoLuisFdoOssaGerenciar-81.jpg\" alt=\"\"\/><\/figure>\n","protected":false},"excerpt":{"rendered":"<p>VRSBU recibe oficialmente Centro de Desarrollo F\u00edsico y Piscinas La oficina de Planeaci\u00f3n de la Universidad Tecnol\u00f3gica de Pereira entreg\u00f3 [&hellip;]<\/p>\n","protected":false},"author":0,"featured_media":60436,"comment_status":"closed","ping_status":"closed","sticky":false,"template":"","format":"standard","meta":{"footnotes":""},"categories":[3],"tags":[],"class_list":["post-5941","post","type-post","status-publish","format-standard","has-post-thumbnail","hentry","category-noticias"],"_links":{"self":[{"href":"https:\/\/vicerrectorias.utp.edu.co\/responsabilidad-social\/wp-json\/wp\/v2\/posts\/5941","targetHints":{"allow":["GET"]}}],"collection":[{"href":"https:\/\/vicerrectorias.utp.edu.co\/responsabilidad-social\/wp-json\/wp\/v2\/posts"}],"about":[{"href":"https:\/\/vicerrectorias.utp.edu.co\/responsabilidad-social\/wp-json\/wp\/v2\/types\/post"}],"replies":[{"embeddable":true,"href":"https:\/\/vicerrectorias.utp.edu.co\/responsabilidad-social\/wp-json\/wp\/v2\/comments?post=5941"}],"version-history":[{"count":3,"href":"https:\/\/vicerrectorias.utp.edu.co\/responsabilidad-social\/wp-json\/wp\/v2\/posts\/5941\/revisions"}],"predecessor-version":[{"id":60815,"href":"https:\/\/vicerrectorias.utp.edu.co\/responsabilidad-social\/wp-json\/wp\/v2\/posts\/5941\/revisions\/60815"}],"wp:featuredmedia":[{"embeddable":true,"href":"https:\/\/vicerrectorias.utp.edu.co\/responsabilidad-social\/wp-json\/wp\/v2\/media\/60436"}],"wp:attachment":[{"href":"https:\/\/vicerrectorias.utp.edu.co\/responsabilidad-social\/wp-json\/wp\/v2\/media?parent=5941"}],"wp:term":[{"taxonomy":"category","embeddable":true,"href":"https:\/\/vicerrectorias.utp.edu.co\/responsabilidad-social\/wp-json\/wp\/v2\/categories?post=5941"},{"taxonomy":"post_tag","embeddable":true,"href":"https:\/\/vicerrectorias.utp.edu.co\/responsabilidad-social\/wp-json\/wp\/v2\/tags?post=5941"}],"curies":[{"name":"wp","href":"https:\/\/api.w.org\/{rel}","templated":true}]}}